{"id":11237,"date":"2014-11-06T12:42:54","date_gmt":"2014-11-06T18:42:54","guid":{"rendered":"https:\/\/radiowebmx.com\/nota\/?p=11237"},"modified":"2014-11-06T12:42:54","modified_gmt":"2014-11-06T18:42:54","slug":"presenta-ejecutivo-iniciativa-de-ley-organica-de-la-pgje","status":"publish","type":"post","link":"https:\/\/radiowebmx.com\/nota\/presenta-ejecutivo-iniciativa-de-ley-organica-de-la-pgje\/","title":{"rendered":"PRESENTA EJECUTIVO INICIATIVA DE LEY ORG\u00c1NICA DE LA PGJE"},"content":{"rendered":"<p>El gobernador del estado, Salvador Jara Guerrero envi\u00f3, la tarde de este mi\u00e9rcoles, al Congreso del Estado su propuesta de iniciativa de Ley Org\u00e1nica de la Procuradur\u00eda General de Justicia del Estado (PGJE), que tiene como objetivo establecer la autonom\u00eda de esa dependencia que actualmente depende del Ejecutivo estatal.<\/p>\n<p>En su propuesta, el ejecutivo estatal actualiza las funciones del Ministerio P\u00fablico y de sus \u00f3rganos auxiliares, reafirmando \u00a0su acci\u00f3n proteccionista y persecutora a<\/p>\n<p>trav\u00e9s de Fiscales Regionales, Fiscales Especializados, Agentes de Atenci\u00f3n Temprana, Mediadores y Conciliadores as\u00ed como Asesores de Atenci\u00f3n a V\u00edctimas.<\/p>\n<p>En materia de v\u00edctimas y ofendidos, el Ministerio P\u00fablico ampl\u00eda sus facultades para otorgar mayor protecci\u00f3n y certeza legal a las v\u00edctimas que hayan sufrido un menoscabo en sus bienes, ordenando de manera inmediata, cuando sea el caso, las medidas de protecci\u00f3n necesarias a efecto de garantizar una efectiva protecci\u00f3n en sus bienes y que la v\u00edctima pueda llevar a cabo la identificaci\u00f3n del imputado sin que corra riesgo alguno.<\/p>\n<p>Se crea el Instituto de Mecanismos Alternos de Soluci\u00f3n de Controversias, con el objetivo de lograr que las v\u00edctimas obtengan una m\u00e1s pronta reparaci\u00f3n del da\u00f1o, en los casos en que ello sea posible y, tambi\u00e9n, para disminuir las cargas de trabajo de los \u00f3rganos jurisdiccionales y lograr una justicia m\u00e1s expedita.<\/p>\n<p>Asimismo se crea la Fiscal\u00eda de Atenci\u00f3n Especializada; la Fiscal\u00eda Especializada para la Atenci\u00f3n de Delitos Vinculados a la Violencia de G\u00e9nero; la Agencia de Investigaci\u00f3n y An\u00e1lisis; el Instituto de Formaci\u00f3n Ministerial; el Consejo Consultivo del Ministerio P\u00fablico y\u00a0 el Servicio Profesional de Carrera Ministerial y Pericial, que tiene por objeto contar con una capacitaci\u00f3n y formaci\u00f3n \u00e9tica y profesional de los servidores p\u00fablicos, que se reflejar\u00e1 en eficiencia, imparcialidad, legalidad y econom\u00eda en su funcionamiento.<\/p>\n<p>El proyecto de iniciativa contiene nueve t\u00edtulos, el primero relativo a las Disposiciones Generales y la Competencia; el segundo a la Instituci\u00f3n del Ministerio P\u00fablico; el tercer t\u00edtulo a la Coordinaci\u00f3n del Ministerio P\u00fablico con otras autoridades; el cuarto a la Procuraci\u00f3n de Justicia; el t\u00edtulo quinto a la creaci\u00f3n de los Mecanismos alternos de soluci\u00f3n de controversias y su respectivo Instituto; el sexto a la formaci\u00f3n \u00e9tica y profesional de los Servidores P\u00fablicos de la Procuradur\u00eda; el s\u00e9ptimo al r\u00e9gimen de los servidores p\u00fablicos y las relaciones administrativas y laborales con la Procuradur\u00eda; el t\u00edtulo octavo a las excusas y sanciones administrativas; y el t\u00edtulo noveno al Fondo auxiliar de la Procuradur\u00eda.<\/p>\n<p>La ley vigente data del 2007 y no contempla las reformas constitucionales realizadas para la entrada en vigor del Sistema Penal Acusatorio y Oral y en materia de derechos humanos y amparo.<\/p>\n<p>El Poder Legislativo dispondr\u00e1 los recursos humanos, t\u00e9cnicos y financieros indispensables para el cumplimiento de los fines contenidos en la Ley, debiendo contemplarse en el Presupuesto de Egresos del Estado las partidas correspondientes.<\/p>\n<p>&nbsp;<\/p>\n<p>&nbsp;<\/p>\n<p>&nbsp;<\/p>\n","protected":false},"excerpt":{"rendered":"<p>El gobernador del estado, Salvador Jara Guerrero envi\u00f3, la tarde de este mi\u00e9rcoles, al Congreso del Estado su propuesta de iniciativa de Ley Org\u00e1nica de la Procuradur\u00eda General de Justicia del Estado (PGJE), que tiene como objetivo establecer la autonom\u00eda de esa dependencia que actualmente depende del Ejecutivo estatal.<\/p>\n","protected":false},"author":1,"featured_media":11238,"comment_status":"open","ping_status":"open","sticky":false,"template":"","format":"standard","meta":{"footnotes":""},"categories":[14,3],"tags":[],"class_list":["post-11237","post","type-post","status-publish","format-standard","has-post-thumbnail","hentry","category-destacadas","category-gobierno-del-estado-de-michoacan"],"_links":{"self":[{"href":"https:\/\/radiowebmx.com\/nota\/wp-json\/wp\/v2\/posts\/11237","targetHints":{"allow":["GET"]}}],"collection":[{"href":"https:\/\/radiowebmx.com\/nota\/wp-json\/wp\/v2\/posts"}],"about":[{"href":"https:\/\/radiowebmx.com\/nota\/wp-json\/wp\/v2\/types\/post"}],"author":[{"embeddable":true,"href":"https:\/\/radiowebmx.com\/nota\/wp-json\/wp\/v2\/users\/1"}],"replies":[{"embeddable":true,"href":"https:\/\/radiowebmx.com\/nota\/wp-json\/wp\/v2\/comments?post=11237"}],"version-history":[{"count":1,"href":"https:\/\/radiowebmx.com\/nota\/wp-json\/wp\/v2\/posts\/11237\/revisions"}],"predecessor-version":[{"id":11239,"href":"https:\/\/radiowebmx.com\/nota\/wp-json\/wp\/v2\/posts\/11237\/revisions\/11239"}],"wp:featuredmedia":[{"embeddable":true,"href":"https:\/\/radiowebmx.com\/nota\/wp-json\/wp\/v2\/media\/11238"}],"wp:attachment":[{"href":"https:\/\/radiowebmx.com\/nota\/wp-json\/wp\/v2\/media?parent=11237"}],"wp:term":[{"taxonomy":"category","embeddable":true,"href":"https:\/\/radiowebmx.com\/nota\/wp-json\/wp\/v2\/categories?post=11237"},{"taxonomy":"post_tag","embeddable":true,"href":"https:\/\/radiowebmx.com\/nota\/wp-json\/wp\/v2\/tags?post=11237"}],"curies":[{"name":"wp","href":"https:\/\/api.w.org\/{rel}","templated":true}]}}