{"id":11234,"date":"2014-11-06T12:40:20","date_gmt":"2014-11-06T18:40:20","guid":{"rendered":"https:\/\/radiowebmx.com\/nota\/?p=11234"},"modified":"2014-11-06T12:40:20","modified_gmt":"2014-11-06T18:40:20","slug":"asegurar-la-calidad-del-aguacate-para-incrementar-su-presencia-en-los-mercados-internacionales-jrl","status":"publish","type":"post","link":"https:\/\/radiowebmx.com\/nota\/asegurar-la-calidad-del-aguacate-para-incrementar-su-presencia-en-los-mercados-internacionales-jrl\/","title":{"rendered":"ASEGURAR LA CALIDAD DEL AGUACATE PARA INCREMENTAR SU PRESENCIA EN LOS MERCADOS INTERNACIONALES: JRL"},"content":{"rendered":"<p><a href=\"https:\/\/radiowebmx.com\/nota\/wp-content\/uploads\/2014\/11\/10712891_869084903111755_6731631787863457809_n.jpg\"><img loading=\"lazy\" decoding=\"async\" class=\"alignleft size-full wp-image-11235\" alt=\"10712891_869084903111755_6731631787863457809_n\" src=\"https:\/\/radiowebmx.com\/nota\/wp-content\/uploads\/2014\/11\/10712891_869084903111755_6731631787863457809_n.jpg\" width=\"591\" height=\"372\" srcset=\"https:\/\/radiowebmx.com\/nota\/wp-content\/uploads\/2014\/11\/10712891_869084903111755_6731631787863457809_n.jpg 591w, https:\/\/radiowebmx.com\/nota\/wp-content\/uploads\/2014\/11\/10712891_869084903111755_6731631787863457809_n-300x188.jpg 300w\" sizes=\"auto, (max-width: 591px) 100vw, 591px\" \/><\/a><\/p>\n<p>Con un llamado a asegurar la calidad del aguacate para contar con m\u00e1s presencia en los mercados y poder competir con otros pa\u00edses en la cadena agroindustrial, el secretario de Desarrollo Rural, Jaime Rodr\u00edguez L\u00f3pez, acudi\u00f3 con la representaci\u00f3n del gobernador Salvador Jara Guerrero, a la inauguraci\u00f3n del Simposio Internacional \u201cLa Competitividad de la Cadena Agroindustrial del Aguacate\u201d.<\/p>\n<p>Durante su participaci\u00f3n, el titular de la Sedru apunt\u00f3 que a trav\u00e9s de la conjunci\u00f3n de esfuerzos de los productores, investigadores y organizaciones, se pueden lograr resultados positivos y vencer los retos para Michoac\u00e1n contin\u00fae siendo el primer estado en producci\u00f3n de aguacate, lo que trae consigo la generaci\u00f3n de empleos, progreso y desarrollo en la entidad.<\/p>\n<p>\u201cSe debe tener una visi\u00f3n hacia d\u00f3nde se quiere ir, hacia d\u00f3nde se quiere llegar en un futuro en el sector aguacatero de M\u00e9xico\u201d, contin\u00fao durante este simposio que tendr\u00e1 lugar desde este mi\u00e9rcoles y hasta el 7 de noviembre, en las instalaciones del Campo Experimental Uruapan del Instituto Nacional de Investigaciones Forestales Agr\u00edcolas y Pecuarias (INIFAP).<\/p>\n<p>Rodr\u00edguez L\u00f3pez resalt\u00f3 la importancia del cultivo del aguacate y lo que implica la cadena agroindustrial, ya que inicia desde el due\u00f1o de las tierras, servicios que el cultivo requiere, fertilizantes, control y prevenci\u00f3n de plagas; quienes se dedican al vivero para la plantaci\u00f3n del aguacate, su corte y comercializaci\u00f3n.<\/p>\n<p>Reconoci\u00f3 la labor que realiza Ignacio Vidales Fern\u00e1ndez, como director del INIFAP; as\u00ed como de Jorge Fern\u00e1ndez Barrag\u00e1n, vicepresidente del Consejo Nacional Agropecuario (CNA) y todos los involucrados en la realizaci\u00f3n de este evento. Asimismo, extern\u00f3 que el INIFAP es una instituci\u00f3n que le ha dado a la regi\u00f3n y al pa\u00eds mucha materia para aplicar a los campos de M\u00e9xico, buscando el desarrollo en el sector agropecuario<\/p>\n<p>&nbsp;<\/p>\n<p>Por otro lado, Pedro Luis Ben\u00edtez V\u00e9lez, delegado federal de la Secretar\u00eda de Agricultura, Ganader\u00eda, Pesca y Alimentaci\u00f3n (SAGARPA), coment\u00f3 que el aguacate en el 2013 tuvo enorme importancia a nivel nacional, produciendo 168 mil 113 hect\u00e1reas con un valor de producci\u00f3n de 18 mil 60 millones de pesos. Desde el 2007 se tiene una tasa de crecimiento del 20 por ciento, lo que coloca a Michoac\u00e1n en alta competitividad de la cadena agroindustrial.<\/p>\n<p>En esta inauguraci\u00f3n se cont\u00f3 con la presencia de Aldo Mac\u00edas Alejandres, presidente Municipal de Uruapan; Jos\u00e9 Antonio Renter\u00eda Flores, director Regional del INIFAP; Alfonso Orozco Bobadilla, representante de la SAGARPA para Plan Michoac\u00e1n; entre otros.<b><\/b><\/p>\n","protected":false},"excerpt":{"rendered":"<p>Con un llamado a asegurar la calidad del aguacate para contar con m\u00e1s presencia en los mercados y poder competir con otros pa\u00edses en la cadena agroindustrial, el secretario de Desarrollo Rural, Jaime Rodr\u00edguez L\u00f3pez, acudi\u00f3 con la representaci\u00f3n del gobernador Salvador Jara Guerrero,<\/p>\n","protected":false},"author":1,"featured_media":11235,"comment_status":"open","ping_status":"open","sticky":false,"template":"","format":"standard","meta":{"footnotes":""},"categories":[14,3],"tags":[],"class_list":["post-11234","post","type-post","status-publish","format-standard","has-post-thumbnail","hentry","category-destacadas","category-gobierno-del-estado-de-michoacan"],"_links":{"self":[{"href":"https:\/\/radiowebmx.com\/nota\/wp-json\/wp\/v2\/posts\/11234","targetHints":{"allow":["GET"]}}],"collection":[{"href":"https:\/\/radiowebmx.com\/nota\/wp-json\/wp\/v2\/posts"}],"about":[{"href":"https:\/\/radiowebmx.com\/nota\/wp-json\/wp\/v2\/types\/post"}],"author":[{"embeddable":true,"href":"https:\/\/radiowebmx.com\/nota\/wp-json\/wp\/v2\/users\/1"}],"replies":[{"embeddable":true,"href":"https:\/\/radiowebmx.com\/nota\/wp-json\/wp\/v2\/comments?post=11234"}],"version-history":[{"count":1,"href":"https:\/\/radiowebmx.com\/nota\/wp-json\/wp\/v2\/posts\/11234\/revisions"}],"predecessor-version":[{"id":11236,"href":"https:\/\/radiowebmx.com\/nota\/wp-json\/wp\/v2\/posts\/11234\/revisions\/11236"}],"wp:featuredmedia":[{"embeddable":true,"href":"https:\/\/radiowebmx.com\/nota\/wp-json\/wp\/v2\/media\/11235"}],"wp:attachment":[{"href":"https:\/\/radiowebmx.com\/nota\/wp-json\/wp\/v2\/media?parent=11234"}],"wp:term":[{"taxonomy":"category","embeddable":true,"href":"https:\/\/radiowebmx.com\/nota\/wp-json\/wp\/v2\/categories?post=11234"},{"taxonomy":"post_tag","embeddable":true,"href":"https:\/\/radiowebmx.com\/nota\/wp-json\/wp\/v2\/tags?post=11234"}],"curies":[{"name":"wp","href":"https:\/\/api.w.org\/{rel}","templated":true}]}}