{"id":11231,"date":"2014-11-06T12:09:04","date_gmt":"2014-11-06T18:09:04","guid":{"rendered":"https:\/\/radiowebmx.com\/nota\/?p=11231"},"modified":"2014-11-06T12:09:04","modified_gmt":"2014-11-06T18:09:04","slug":"el-dialogo-y-la-solidaridad-nos-permitiran-transitar-a-la-estabilidad-sjg","status":"publish","type":"post","link":"https:\/\/radiowebmx.com\/nota\/el-dialogo-y-la-solidaridad-nos-permitiran-transitar-a-la-estabilidad-sjg\/","title":{"rendered":"EL DI\u00c1LOGO Y LA SOLIDARIDAD NOS PERMITIR\u00c1N TRANSITAR A LA ESTABILIDAD: SJG"},"content":{"rendered":"<p><a href=\"https:\/\/radiowebmx.com\/nota\/wp-content\/uploads\/2014\/11\/DSC_6229.jpg\"><img loading=\"lazy\" decoding=\"async\" class=\"alignleft size-full wp-image-11232\" alt=\"DSC_6229\" src=\"https:\/\/radiowebmx.com\/nota\/wp-content\/uploads\/2014\/11\/DSC_6229.jpg\" width=\"591\" height=\"308\" srcset=\"https:\/\/radiowebmx.com\/nota\/wp-content\/uploads\/2014\/11\/DSC_6229.jpg 591w, https:\/\/radiowebmx.com\/nota\/wp-content\/uploads\/2014\/11\/DSC_6229-300x156.jpg 300w\" sizes=\"auto, (max-width: 591px) 100vw, 591px\" \/><\/a>Con un llamado al di\u00e1logo, la solidaridad y a recuperar los valores que nos permitan hacer frente a los retos, el gobernador Salvador Jara Guerrero, asisti\u00f3 a la ceremonia de Institucionalizaci\u00f3n del Centro Evangelizaci\u00f3n de la Cultura en Morelia (CECAM).<\/p>\n<p>\u201cS\u00f3lo a trav\u00e9s del di\u00e1logo podemos ponernos en el lugar del otro, para tratar de entender por qu\u00e9 cada qui\u00e9n act\u00faa como act\u00faa; y uno de los obst\u00e1culos m\u00e1s importantes que tenemos hoy en d\u00eda, es que no nos damos tiempo para escuchar al otro, por eso el di\u00e1logo se convierte en algo infructuoso\u201d, expres\u00f3 el mandatario estatal.<\/p>\n<p>Tras reconocer las labores culturales que realiza el CECAM, Jara Guerrero se\u00f1al\u00f3 que la interlocuci\u00f3n implica un acto de humildad en el que cada uno se asume como alguien que puede aprender de la otra persona, aunque no est\u00e9 de acuerdo con ella.<\/p>\n<p>Subray\u00f3 adem\u00e1s que, como en la naturaleza, para salir adelante no es necesaria s\u00f3lo la competencia, sino la solidaridad, misma que consiste en ceder algo de nosotros en favor de otros, de igual manera, convoc\u00f3 a los presentes a sumarse a las acciones de su gobierno por rescatar los valores \u201cque nos permitan transitar a la estabilidad\u201d.<\/p>\n<p>Por su parte, el nuncio apost\u00f3lico en M\u00e9xico, monse\u00f1or Christophe Pierre, reconoci\u00f3 el trabajo integral que realizan tanto el Gobierno del Estado, como asociaciones civiles, religiosas y acad\u00e9micas, en favor de los michoacanos al promover esfuerzos que fomenten valores a trav\u00e9s de la cultura.<\/p>\n<p>Finalmente, el arzobispo de Morelia, monse\u00f1or Alberto Su\u00e1rez Inda, afirm\u00f3 que la comunidad cristiana no puede permanecer pasiva ante la situaci\u00f3n que se vive no nada m\u00e1s en el estado, sino en todo el mundo; de ah\u00ed la importancia de la promoci\u00f3n de la cultura y buscar la sensibilizaci\u00f3n de las personas.<\/p>\n<p>El Centro de Evangelizaci\u00f3n de la Cultura en Morelia realiza una propuesta cultural alternativa a trav\u00e9s del fomento de la confianza y esperanza, adem\u00e1s de que ofrece una opci\u00f3n para colaborar con instancias de laicos universitarios y profesionistas que lo soliciten.<\/p>\n","protected":false},"excerpt":{"rendered":"<p>Con un llamado al di\u00e1logo, la solidaridad y a recuperar los valores que nos permitan hacer frente a los retos, el gobernador Salvador Jara Guerrero, asisti\u00f3 a la ceremonia de Institucionalizaci\u00f3n del Centro Evangelizaci\u00f3n de la Cultura en Morelia (CECAM).<\/p>\n","protected":false},"author":1,"featured_media":11232,"comment_status":"open","ping_status":"open","sticky":false,"template":"","format":"standard","meta":{"footnotes":""},"categories":[14,3],"tags":[],"class_list":["post-11231","post","type-post","status-publish","format-standard","has-post-thumbnail","hentry","category-destacadas","category-gobierno-del-estado-de-michoacan"],"_links":{"self":[{"href":"https:\/\/radiowebmx.com\/nota\/wp-json\/wp\/v2\/posts\/11231","targetHints":{"allow":["GET"]}}],"collection":[{"href":"https:\/\/radiowebmx.com\/nota\/wp-json\/wp\/v2\/posts"}],"about":[{"href":"https:\/\/radiowebmx.com\/nota\/wp-json\/wp\/v2\/types\/post"}],"author":[{"embeddable":true,"href":"https:\/\/radiowebmx.com\/nota\/wp-json\/wp\/v2\/users\/1"}],"replies":[{"embeddable":true,"href":"https:\/\/radiowebmx.com\/nota\/wp-json\/wp\/v2\/comments?post=11231"}],"version-history":[{"count":1,"href":"https:\/\/radiowebmx.com\/nota\/wp-json\/wp\/v2\/posts\/11231\/revisions"}],"predecessor-version":[{"id":11233,"href":"https:\/\/radiowebmx.com\/nota\/wp-json\/wp\/v2\/posts\/11231\/revisions\/11233"}],"wp:featuredmedia":[{"embeddable":true,"href":"https:\/\/radiowebmx.com\/nota\/wp-json\/wp\/v2\/media\/11232"}],"wp:attachment":[{"href":"https:\/\/radiowebmx.com\/nota\/wp-json\/wp\/v2\/media?parent=11231"}],"wp:term":[{"taxonomy":"category","embeddable":true,"href":"https:\/\/radiowebmx.com\/nota\/wp-json\/wp\/v2\/categories?post=11231"},{"taxonomy":"post_tag","embeddable":true,"href":"https:\/\/radiowebmx.com\/nota\/wp-json\/wp\/v2\/tags?post=11231"}],"curies":[{"name":"wp","href":"https:\/\/api.w.org\/{rel}","templated":true}]}}