{"id":11227,"date":"2014-11-06T12:04:17","date_gmt":"2014-11-06T18:04:17","guid":{"rendered":"https:\/\/radiowebmx.com\/nota\/?p=11227"},"modified":"2014-11-06T13:17:18","modified_gmt":"2014-11-06T19:17:18","slug":"actuaciones-del-pan-son-oportunismo-politico-marco-polo-aguirre","status":"publish","type":"post","link":"https:\/\/radiowebmx.com\/nota\/actuaciones-del-pan-son-oportunismo-politico-marco-polo-aguirre\/","title":{"rendered":"ACTUACIONES DEL PAN SON OPORTUNISMO POL\u00cdTICO: MARCO POLO AGUIRRE."},"content":{"rendered":"<p>El Partido Acci\u00f3n Nacional (PAN) se encuentra desesperado por recuperar el agrado de los michoacanos luego del mal gobierno de Felipe Calder\u00f3n en el que en muchos temas fue omiso como presidente de la Rep\u00fablica, y hoy buscan el oportunismo pol\u00edtico ante temas que se atienden con puntualidad por parte del gobierno del estado, asegur\u00f3 Marco Polo Aguirre, dirigente del Partido Revolucionario Institucional (PRI) en Michoac\u00e1n.<\/p>\n<p>Lo anterior luego de conocer una denuncia que present\u00f3 ese partido pol\u00edtico en contra del gobernador del estado, Salvador Jara Guerrero, por una supuesta omisi\u00f3n, el dirigente pri\u00edsta destac\u00f3 que al dirigente del albiazul se le paso denunciar a Felipe Calder\u00f3n cuando los normalistas mantuvieron secuestradas autopistas y casetas de peaje en el estado.<\/p>\n<p>No se puede tener doble discurso como lo hace el PAN en Michoac\u00e1n, por un lado pide que se contenga a los normalistas y por otro lado no reconoce la responsabilidad que tuvieron sus funcionarios al no atender con puntualidad las acciones para el estado, la pol\u00edtica de los panistas es de polic\u00edas en las calles y esa estrategia ya la sufrieron los michoacanos y a\u00fan hay graves secuelas, apunt\u00f3 el legislador priista.<\/p>\n<p>El presidente del PRI en Michoac\u00e1n, resalt\u00f3 que el partido de los Calder\u00f3n siempre le ha apostado a que a Michoac\u00e1n le vaya mal, de otra forma los temas no los destacar\u00e1n con oportunismo pol\u00edtico sino con propuestas que coadyuven a que el estado recobre su tranquilidad.<\/p>\n<p>El diputado local, destac\u00f3 el llamado del presidente de la Rep\u00fablica, Enrique Pe\u00f1a Nieto para hacer un pacto a favor de la seguridad y no generar m\u00e1s violencia, indic\u00f3 que el af\u00e1n del PRI es construir soluciones y no enfadarse en medidas que generen m\u00e1s violencia.<\/p>\n<p>&nbsp;<\/p>\n<p>&nbsp;<\/p>\n","protected":false},"excerpt":{"rendered":"<p>El Partido Acci\u00f3n Nacional (PAN) se encuentra desesperado por recuperar el agrado de los michoacanos luego del mal gobierno de Felipe Calder\u00f3n en el que en muchos temas fue omiso como presidente de la Rep\u00fablica, <\/p>\n","protected":false},"author":1,"featured_media":11254,"comment_status":"open","ping_status":"open","sticky":false,"template":"","format":"standard","meta":{"footnotes":""},"categories":[14],"tags":[],"class_list":["post-11227","post","type-post","status-publish","format-standard","has-post-thumbnail","hentry","category-destacadas"],"_links":{"self":[{"href":"https:\/\/radiowebmx.com\/nota\/wp-json\/wp\/v2\/posts\/11227","targetHints":{"allow":["GET"]}}],"collection":[{"href":"https:\/\/radiowebmx.com\/nota\/wp-json\/wp\/v2\/posts"}],"about":[{"href":"https:\/\/radiowebmx.com\/nota\/wp-json\/wp\/v2\/types\/post"}],"author":[{"embeddable":true,"href":"https:\/\/radiowebmx.com\/nota\/wp-json\/wp\/v2\/users\/1"}],"replies":[{"embeddable":true,"href":"https:\/\/radiowebmx.com\/nota\/wp-json\/wp\/v2\/comments?post=11227"}],"version-history":[{"count":3,"href":"https:\/\/radiowebmx.com\/nota\/wp-json\/wp\/v2\/posts\/11227\/revisions"}],"predecessor-version":[{"id":11230,"href":"https:\/\/radiowebmx.com\/nota\/wp-json\/wp\/v2\/posts\/11227\/revisions\/11230"}],"wp:featuredmedia":[{"embeddable":true,"href":"https:\/\/radiowebmx.com\/nota\/wp-json\/wp\/v2\/media\/11254"}],"wp:attachment":[{"href":"https:\/\/radiowebmx.com\/nota\/wp-json\/wp\/v2\/media?parent=11227"}],"wp:term":[{"taxonomy":"category","embeddable":true,"href":"https:\/\/radiowebmx.com\/nota\/wp-json\/wp\/v2\/categories?post=11227"},{"taxonomy":"post_tag","embeddable":true,"href":"https:\/\/radiowebmx.com\/nota\/wp-json\/wp\/v2\/tags?post=11227"}],"curies":[{"name":"wp","href":"https:\/\/api.w.org\/{rel}","templated":true}]}}