{"id":11223,"date":"2014-11-06T11:56:53","date_gmt":"2014-11-06T17:56:53","guid":{"rendered":"https:\/\/radiowebmx.com\/nota\/?p=11223"},"modified":"2014-11-06T11:56:53","modified_gmt":"2014-11-06T17:56:53","slug":"comite-ciudadano-de-seguimiento-al-plan-michoacan-ha-representado-dignamente-a-la-poblacion","status":"publish","type":"post","link":"https:\/\/radiowebmx.com\/nota\/comite-ciudadano-de-seguimiento-al-plan-michoacan-ha-representado-dignamente-a-la-poblacion\/","title":{"rendered":"COMIT\u00c9 CIUDADANO DE SEGUIMIENTO AL PLAN MICHOAC\u00c1N HA REPRESENTADO DIGNAMENTE A LA POBLACI\u00d3N"},"content":{"rendered":"<p><a href=\"https:\/\/radiowebmx.com\/nota\/wp-content\/uploads\/2014\/11\/DSC_1825.jpg\"><img loading=\"lazy\" decoding=\"async\" class=\"alignleft size-full wp-image-11224\" alt=\"DSC_1825\" src=\"https:\/\/radiowebmx.com\/nota\/wp-content\/uploads\/2014\/11\/DSC_1825.jpg\" width=\"591\" height=\"282\" srcset=\"https:\/\/radiowebmx.com\/nota\/wp-content\/uploads\/2014\/11\/DSC_1825.jpg 591w, https:\/\/radiowebmx.com\/nota\/wp-content\/uploads\/2014\/11\/DSC_1825-300x143.jpg 300w\" sizes=\"auto, (max-width: 591px) 100vw, 591px\" \/><\/a>El Comit\u00e9 Ciudadano para el Seguimiento del Plan Michoac\u00e1n ha dado excelentes resultados en las tareas de monitoreo de las acciones contempladas para fortalecer el desarrollo de la entidad en los distintos rubros, por lo que sus integrantes deber\u00e1n mantener su vocaci\u00f3n de servicio como representantes de los ciudadanos ante las instituciones; enfatiz\u00f3 el gobernador de Michoac\u00e1n, Salvador Jara Guerrero, durante el desarrollo de la sexta sesi\u00f3n ordinaria de dicho organismo.<\/p>\n<p>Luego de escuchar los logros m\u00e1s importantes que se han alcanzado en las comisiones de Econom\u00eda y Empleo, Comunidades Ind\u00edgenas, Salud, Educaci\u00f3n, Desarrollo Social y Buen Gobierno, el mandatario estatal destac\u00f3 que ha sido fundamental la participaci\u00f3n de l\u00edderes con calidad moral en los procesos de saneamiento de la administraci\u00f3n p\u00fablica, puesto que la poblaci\u00f3n demanda certeza en cuanto a la correcta aplicaci\u00f3n de los recursos.<\/p>\n<p>&#8220;Considero importante tomar en cuenta las opiniones y contribuciones de la sociedad civil organizada bajo la figura de \u00f3rganos colegiados respetables, cuyos miembros se caracterizan por un comportamiento ejemplar en sus respectivos c\u00edrculos; estoy convencido de que la confianza es un aspecto b\u00e1sico para que un pa\u00eds salga adelante y la confianza se gana cuando las cosas se hacen bien&#8221;, recalc\u00f3 a los consejeros.<\/p>\n<p>Jara Guerrero asegur\u00f3 que su equipo de colaboradores trabaja arduamente para dar resultados efectivos en cada una de las dependencias y cumplir a cabalidad con las metas y objetivos establecidos en el Plan Michoac\u00e1n, mientras que tambi\u00e9n se redoblan esfuerzos para construir instituciones fuertes, s\u00f3lidas y cien por ciento confiables para los michoacanos.<\/p>\n<p>En este marco, Adri\u00e1n Huerta Leal, presidente de la Coparmex Michoac\u00e1n y titular de la Comisi\u00f3n de Desarrollo Social y Seguridad P\u00fablica del Comit\u00e9 Ciudadano, inform\u00f3 que se perciben grandes avances en las acciones de combate a la pobreza\u00a0 y apoyo a los sectores vulnerables, a cargo de la delegaci\u00f3n de la Secretar\u00eda de Desarrollo Social en la entidad y la Secretar\u00eda de Pol\u00edtica Social del estado.<\/p>\n<p>&#8220;Los 16 ciudadanos de diferentes \u00e1mbitos que representamos a la sociedad somos un apoyo para el gobernador Salvador Jara, quien siempre ha dado muestra de inter\u00e9s y disposici\u00f3n para trabajar activamente con el Comit\u00e9; queremos que sepa que cuenta con nuestro apoyo incondicional para sacar adelante todos los proyectos&#8221;, subray\u00f3 el empresario.<\/p>\n<p>Huerta Leal expuso que el organismo ciudadano, en su papel de nexo con la ciudadan\u00eda, buscar\u00e1 los mecanismos m\u00e1s adecuados para informar oportunamente a la poblaci\u00f3n sobre las actividades realizadas, avances de trabajos al interior de cada una de las comisiones y pagos a proveedores, dado que se requiere transparentar tales datos en aras de garantizar altos niveles de transparencia.<\/p>\n<p>En la sesi\u00f3n ordinaria estuvieron presentes Alfredo Castillo Cervantes, comisionado para la Seguridad y el Desarrollo Integral de Michoac\u00e1n; Jos\u00e9 Carlos Rodr\u00edguez Pueblita, secretario de Finanzas y Administraci\u00f3n del Gobierno del Estado; Carlos Pfister Huerta Ca\u00f1edo, secretario de Desarrollo Econ\u00f3mico, as\u00ed como la totalidad de consejeros.<\/p>\n<p>Como parte de las actividades m\u00e1s relevantes de la agenda de trabajo de este martes, el gobernador Jara concret\u00f3 una serie de acuerdos con Jaime Dar\u00edo Oseguera M\u00e9ndez, secretario de Gobierno de Michoac\u00e1n; Ezequiel Ch\u00e1vez S\u00e1nchez, director del Zool\u00f3gico de Morelia y Roberto Cervantes, titular del Centro SCT en Michoac\u00e1n.<\/p>\n<p>&nbsp;<\/p>\n<p>&nbsp;<\/p>\n<p>&nbsp;<\/p>\n<p>&nbsp;<\/p>\n<p>&nbsp;<\/p>\n<p>&nbsp;<\/p>\n<p>&nbsp;<\/p>\n<p>&nbsp;<\/p>\n<p>&nbsp;<\/p>\n<p align=\"center\">\n","protected":false},"excerpt":{"rendered":"<p>El Comit\u00e9 Ciudadano para el Seguimiento del Plan Michoac\u00e1n ha dado excelentes resultados en las tareas de monitoreo de las acciones contempladas para fortalecer el desarrollo de la entidad en los distintos rubros,<\/p>\n","protected":false},"author":1,"featured_media":11224,"comment_status":"open","ping_status":"open","sticky":false,"template":"","format":"standard","meta":{"footnotes":""},"categories":[14,3],"tags":[],"class_list":["post-11223","post","type-post","status-publish","format-standard","has-post-thumbnail","hentry","category-destacadas","category-gobierno-del-estado-de-michoacan"],"_links":{"self":[{"href":"https:\/\/radiowebmx.com\/nota\/wp-json\/wp\/v2\/posts\/11223","targetHints":{"allow":["GET"]}}],"collection":[{"href":"https:\/\/radiowebmx.com\/nota\/wp-json\/wp\/v2\/posts"}],"about":[{"href":"https:\/\/radiowebmx.com\/nota\/wp-json\/wp\/v2\/types\/post"}],"author":[{"embeddable":true,"href":"https:\/\/radiowebmx.com\/nota\/wp-json\/wp\/v2\/users\/1"}],"replies":[{"embeddable":true,"href":"https:\/\/radiowebmx.com\/nota\/wp-json\/wp\/v2\/comments?post=11223"}],"version-history":[{"count":1,"href":"https:\/\/radiowebmx.com\/nota\/wp-json\/wp\/v2\/posts\/11223\/revisions"}],"predecessor-version":[{"id":11226,"href":"https:\/\/radiowebmx.com\/nota\/wp-json\/wp\/v2\/posts\/11223\/revisions\/11226"}],"wp:featuredmedia":[{"embeddable":true,"href":"https:\/\/radiowebmx.com\/nota\/wp-json\/wp\/v2\/media\/11224"}],"wp:attachment":[{"href":"https:\/\/radiowebmx.com\/nota\/wp-json\/wp\/v2\/media?parent=11223"}],"wp:term":[{"taxonomy":"category","embeddable":true,"href":"https:\/\/radiowebmx.com\/nota\/wp-json\/wp\/v2\/categories?post=11223"},{"taxonomy":"post_tag","embeddable":true,"href":"https:\/\/radiowebmx.com\/nota\/wp-json\/wp\/v2\/tags?post=11223"}],"curies":[{"name":"wp","href":"https:\/\/api.w.org\/{rel}","templated":true}]}}