{"id":1122,"date":"2013-02-04T10:43:19","date_gmt":"2013-02-04T16:43:19","guid":{"rendered":"https:\/\/radiowebmx.com\/nota\/?p=1122"},"modified":"2013-02-04T10:43:19","modified_gmt":"2013-02-04T16:43:19","slug":"concluye-segunda-etapa-del-curso-taller-intensivo-para-el-nuevo-sistema-de-justicia-penal","status":"publish","type":"post","link":"https:\/\/radiowebmx.com\/nota\/concluye-segunda-etapa-del-curso-taller-intensivo-para-el-nuevo-sistema-de-justicia-penal\/","title":{"rendered":"Concluye segunda etapa del curso-taller intensivo para el Nuevo sistema de justicia penal"},"content":{"rendered":"<p><img loading=\"lazy\" decoding=\"async\" class=\"alignnone\" src=\"http:\/\/img13.imageshack.us\/img13\/762\/juecescontogasnuevas.jpg\" alt=\"\" width=\"591\" height=\"223\" \/>El \u201cCurso pr\u00e1ctico e intensivo de formaci\u00f3n de operadores en el sistema acusatorio\u201d, en el cual participan 83 Ministerios p\u00fablicos, jueces de oralidad, polic\u00edas investigadores y defensores p\u00fablicos y que se desarrollar\u00e1 desde el 26 de noviembre pasado hasta el 16 de febrero de este a\u00f1o, concluy\u00f3 el d\u00eda de ayer su segunda etapa.<\/p>\n<p>&nbsp;<\/p>\n<p>Por ello, Rodolfo F\u00e9lix C\u00e1rdenas, coordinador del programa acad\u00e9mico as\u00ed como los docentes que lo imparten, hicieron entrega a los participantes de material \u00fatil para el mejor desempe\u00f1o de sus funciones, una vez que comiencen su labor en el sistema acusatorio adversarial.<\/p>\n<p>&nbsp;<\/p>\n<p>Defensores p\u00fablicos y Ministerios p\u00fablicos recibieron carpetas especiales para acudir a audiencias orales, los polic\u00edas investigadores recibieron elementos t\u00e1cticos como kits de guantes de l\u00e1tex para la recolecci\u00f3n de evidencia y, por su parte, los jueces fueron dotados de togas.<\/p>\n<p>&nbsp;<\/p>\n<p>Asimismo, el Consejo para el nuevo sistema de justicia penal en Michoac\u00e1n contribuy\u00f3 a esta intenci\u00f3n entregando a cada operador un paquete conteniendo una memoria USB que ayudar\u00e1 a los operadores a almacenar tanto sus elementos de prueba de manera electr\u00f3nica como los videos de las audiencias que lleven a cabo.\u00a0 El paquete, entregado por Juan Pedro Pati\u00f1o Moreno, secretario ejecutivo del \u00f3rgano implementador, contiene tambi\u00e9n un compilado de normatividad del Nuevo sistema de justicia penal en nuestro estado y otro material de consulta y difusi\u00f3n del mismo.<\/p>\n<p>&nbsp;<\/p>\n<p>El pr\u00f3ximo martes 5 de febrero comienza la tercera etapa del curso-taller intensivo, durante la cual y hasta el 16 de febrero se desarrollar\u00e1n simulacros de audiencias orales para que los participantes puedan poner en pr\u00e1ctica lo aprendido durante el curso.<\/p>\n<p>&nbsp;<\/p>\n<p>Este programa acad\u00e9mico busca que los asistentes conozcan los aspectos pr\u00e1cticos suficientes para la operaci\u00f3n diaria del sistema mediante tres etapas o m\u00f3dulos, a cargo de capacitadores certificados por Setec y coordinados por Rodolfo F\u00e9lix C\u00e1rdenas, quien se ha destacado a nivel nacional como abogado particular y docente en el Nuevo sistema de justicia penal.<\/p>\n<p>&nbsp;<\/p>\n<p>Este curso se lleva a cabo con recursos econ\u00f3micos federales que la Secretar\u00eda T\u00e9cnica del Consejo de Coordinaci\u00f3n para la Implementaci\u00f3n del Nuevo Sistema de Justicia Penal (Setec), dependiente de la Secretar\u00eda de Gobernaci\u00f3n, pone a disposici\u00f3n de los estados mediante concurso, y que el Consejo implementador en Michoac\u00e1n ha logrado obtener a trav\u00e9s de su \u00e1rea de Capacitaci\u00f3n.<\/p>\n<p>&nbsp;<\/p>\n<p>De esta manera contin\u00faa la formaci\u00f3n necesaria para hacer frente, en las mejores condiciones posibles, a la entrada en vigor del modelo acusatorio adversarial en nuestra entidad.<\/p>\n<p>&nbsp;<\/p>\n<p>&nbsp;<\/p>\n","protected":false},"excerpt":{"rendered":"<p>El \u201cCurso pr\u00e1ctico e intensivo de formaci\u00f3n de operadores en el sistema acusatorio\u201d, en el cual participan 83 Ministerios p\u00fablicos, jueces de oralidad, polic\u00edas investigadores y defensores p\u00fablicos y que se desarrollar\u00e1 desde el 26 de noviembre pasado hasta el 16 de febrero de este a\u00f1o, concluy\u00f3 el d\u00eda de ayer su segunda etapa.<\/p>\n","protected":false},"author":1,"featured_media":0,"comment_status":"open","ping_status":"open","sticky":false,"template":"","format":"standard","meta":{"footnotes":""},"categories":[3],"tags":[],"class_list":["post-1122","post","type-post","status-publish","format-standard","hentry","category-gobierno-del-estado-de-michoacan"],"_links":{"self":[{"href":"https:\/\/radiowebmx.com\/nota\/wp-json\/wp\/v2\/posts\/1122","targetHints":{"allow":["GET"]}}],"collection":[{"href":"https:\/\/radiowebmx.com\/nota\/wp-json\/wp\/v2\/posts"}],"about":[{"href":"https:\/\/radiowebmx.com\/nota\/wp-json\/wp\/v2\/types\/post"}],"author":[{"embeddable":true,"href":"https:\/\/radiowebmx.com\/nota\/wp-json\/wp\/v2\/users\/1"}],"replies":[{"embeddable":true,"href":"https:\/\/radiowebmx.com\/nota\/wp-json\/wp\/v2\/comments?post=1122"}],"version-history":[{"count":1,"href":"https:\/\/radiowebmx.com\/nota\/wp-json\/wp\/v2\/posts\/1122\/revisions"}],"predecessor-version":[{"id":1123,"href":"https:\/\/radiowebmx.com\/nota\/wp-json\/wp\/v2\/posts\/1122\/revisions\/1123"}],"wp:attachment":[{"href":"https:\/\/radiowebmx.com\/nota\/wp-json\/wp\/v2\/media?parent=1122"}],"wp:term":[{"taxonomy":"category","embeddable":true,"href":"https:\/\/radiowebmx.com\/nota\/wp-json\/wp\/v2\/categories?post=1122"},{"taxonomy":"post_tag","embeddable":true,"href":"https:\/\/radiowebmx.com\/nota\/wp-json\/wp\/v2\/tags?post=1122"}],"curies":[{"name":"wp","href":"https:\/\/api.w.org\/{rel}","templated":true}]}}