{"id":11218,"date":"2014-11-06T11:40:56","date_gmt":"2014-11-06T17:40:56","guid":{"rendered":"https:\/\/radiowebmx.com\/nota\/?p=11218"},"modified":"2014-11-06T11:40:56","modified_gmt":"2014-11-06T17:40:56","slug":"plan-michoacan-entrega-titulos-de-propiedad-y-certificados-agrarios","status":"publish","type":"post","link":"https:\/\/radiowebmx.com\/nota\/plan-michoacan-entrega-titulos-de-propiedad-y-certificados-agrarios\/","title":{"rendered":"Plan Michoac\u00e1n entrega t\u00edtulos de propiedad y certificados agrarios."},"content":{"rendered":"<p><a href=\"https:\/\/radiowebmx.com\/nota\/wp-content\/uploads\/2014\/11\/IMG_6881.jpg\"><img loading=\"lazy\" decoding=\"async\" class=\"alignleft size-full wp-image-11219\" alt=\"IMG_6881\" src=\"https:\/\/radiowebmx.com\/nota\/wp-content\/uploads\/2014\/11\/IMG_6881.jpg\" width=\"591\" height=\"331\" srcset=\"https:\/\/radiowebmx.com\/nota\/wp-content\/uploads\/2014\/11\/IMG_6881.jpg 591w, https:\/\/radiowebmx.com\/nota\/wp-content\/uploads\/2014\/11\/IMG_6881-300x168.jpg 300w, https:\/\/radiowebmx.com\/nota\/wp-content\/uploads\/2014\/11\/IMG_6881-284x158.jpg 284w, https:\/\/radiowebmx.com\/nota\/wp-content\/uploads\/2014\/11\/IMG_6881-128x72.jpg 128w\" sizes=\"auto, (max-width: 591px) 100vw, 591px\" \/><\/a>Con la entrega de certificados agrarios del programa FANAR, t\u00edtulos de propiedad a cl\u00ednicas rurales del programa IMSS-Prospera, as\u00ed como para escuelas y espacios p\u00fablicos, el Plan Michoac\u00e1n cumple con las instrucciones del presidente Enrique Pe\u00f1a Nieto en el sentido de dar certidumbre jur\u00eddica a beneficiarios del programas federales.<\/p>\n<p>&nbsp;<\/p>\n<p>As\u00ed lo expres\u00f3 el delegado de la Sedesol en Michoac\u00e1n, V\u00edctor Silva Tejeda al participar junto a las 32 entidades federativas en las jornadas de Certeza Jur\u00eddica para la Tenencia de la Tierra Entrega Nacional de Documentos Agrarios, en donde se pretende modernizar y dar certidumbre al desarrollo social.<\/p>\n<p>&nbsp;<\/p>\n<p>En Michoac\u00e1n una buena cantidad de cl\u00ednicas y centros comunitarios de salud del programa antes llamado Oportunidades, ahora Prospera, no contaban con un t\u00edtulo que acreditar\u00e1 su propiedad, a pesar de que este programa cuenta con m\u00e1s de 400 unidades m\u00e9dicas rurales, urbanas y m\u00f3viles. En total el programa Prospera en Michoac\u00e1n cuenta con m\u00e1s de un mill\u00f3n cien mil derechohabientes, inform\u00f3 el delegado de IMSS, Ram\u00f3n Acosta Rosales.<\/p>\n<p>&nbsp;<\/p>\n<p>El delegado del Registro Agrario Nacional (RAN) Omar Mu\u00f1oz Garc\u00eda, precis\u00f3 que gracias al trabajo conjunto de los \u00f3rdenes de gobierno se ha podido cumplir con las metas del trabajo programado dentro del Plan Michoac\u00e1n, el cual por instrucci\u00f3n del presidente Enrique Pe\u00f1a Nieto, se tiene que salvaguardar y proteger el patrimonio, instituciones y ciudadanos.<\/p>\n<p>&nbsp;<\/p>\n<p>Es por lo que todas las instancias federales est\u00e1n sumando esfuerzos para que se mejore la calidad de vida de los michoacanos, en especial de los m\u00e1s necesitados, finaliz\u00f3.<\/p>\n","protected":false},"excerpt":{"rendered":"<p>Con la entrega de certificados agrarios del programa FANAR, t\u00edtulos de propiedad a cl\u00ednicas rurales del programa IMSS-Prospera, as\u00ed como para escuelas y espacios p\u00fablicos, <\/p>\n","protected":false},"author":1,"featured_media":11219,"comment_status":"open","ping_status":"open","sticky":false,"template":"","format":"standard","meta":{"footnotes":""},"categories":[14,9],"tags":[],"class_list":["post-11218","post","type-post","status-publish","format-standard","has-post-thumbnail","hentry","category-destacadas","category-morelia"],"_links":{"self":[{"href":"https:\/\/radiowebmx.com\/nota\/wp-json\/wp\/v2\/posts\/11218","targetHints":{"allow":["GET"]}}],"collection":[{"href":"https:\/\/radiowebmx.com\/nota\/wp-json\/wp\/v2\/posts"}],"about":[{"href":"https:\/\/radiowebmx.com\/nota\/wp-json\/wp\/v2\/types\/post"}],"author":[{"embeddable":true,"href":"https:\/\/radiowebmx.com\/nota\/wp-json\/wp\/v2\/users\/1"}],"replies":[{"embeddable":true,"href":"https:\/\/radiowebmx.com\/nota\/wp-json\/wp\/v2\/comments?post=11218"}],"version-history":[{"count":2,"href":"https:\/\/radiowebmx.com\/nota\/wp-json\/wp\/v2\/posts\/11218\/revisions"}],"predecessor-version":[{"id":11222,"href":"https:\/\/radiowebmx.com\/nota\/wp-json\/wp\/v2\/posts\/11218\/revisions\/11222"}],"wp:featuredmedia":[{"embeddable":true,"href":"https:\/\/radiowebmx.com\/nota\/wp-json\/wp\/v2\/media\/11219"}],"wp:attachment":[{"href":"https:\/\/radiowebmx.com\/nota\/wp-json\/wp\/v2\/media?parent=11218"}],"wp:term":[{"taxonomy":"category","embeddable":true,"href":"https:\/\/radiowebmx.com\/nota\/wp-json\/wp\/v2\/categories?post=11218"},{"taxonomy":"post_tag","embeddable":true,"href":"https:\/\/radiowebmx.com\/nota\/wp-json\/wp\/v2\/tags?post=11218"}],"curies":[{"name":"wp","href":"https:\/\/api.w.org\/{rel}","templated":true}]}}