{"id":11212,"date":"2014-11-05T17:54:20","date_gmt":"2014-11-05T23:54:20","guid":{"rendered":"https:\/\/radiowebmx.com\/nota\/?p=11212"},"modified":"2014-11-05T17:54:20","modified_gmt":"2014-11-05T23:54:20","slug":"wlm-bautizo-la-nueva-alberca-del-complejo-acuatico-de-la-unidad-deportiva-morelos-indeco","status":"publish","type":"post","link":"https:\/\/radiowebmx.com\/nota\/wlm-bautizo-la-nueva-alberca-del-complejo-acuatico-de-la-unidad-deportiva-morelos-indeco\/","title":{"rendered":"WLM \u201cBAUTIZ\u00d3\u201d LA NUEVA ALBERCA DEL COMPLEJO ACU\u00c1TICO DE LA UNIDAD DEPORTIVA MORELOS-INDECO"},"content":{"rendered":"<p>En un acto protocolario, tal como sucede en tierras europeas, el Presidente Wilfrido L\u00e1zaro Medina \u201cbautiz\u00f3\u201d la alberca del Complejo Acu\u00e1tico \u201cMedallistas Paral\u00edmpicos\u201d de la Unidad Deportiva Morelos-INDECO, donde se desarrollar\u00e1 el 7\u00b0 Campeonato Mundial de Nataci\u00f3n para Personas con S\u00edndrome de Down, acto simb\u00f3lico que representa el arranque del llenado de la fosa, la labor social, la satisfacci\u00f3n y la alegr\u00eda, por la innovadora construcci\u00f3n.<\/p>\n<p>&nbsp;<\/p>\n<p>Gracias al inter\u00e9s del edil capitalino Wilfrido L\u00e1zaro Medina, la gesti\u00f3n del Instituto Municipal de Cultura F\u00edsica (IMDE), y el total respaldo por parte de la Comisi\u00f3n Nacional de Cultura F\u00edsica y Deporte (CONADE), se obtuvieron recursos por 85 millones de pesos para la construcci\u00f3n de este recinto, el cual cambiar\u00e1 de manera sumamente positiva los h\u00e1bitos deportivos de los morelianos.<\/p>\n<p>&nbsp;<\/p>\n<p>El jefe de la comuna moreliana arrib\u00f3 en punto de las 09:00 horas a las instalaciones deportivas para realizar una supervisi\u00f3n de las obras que est\u00e1n en su fase final y durante el recorrido verti\u00f3 una cubeta de agua en la alberca, en compa\u00f1\u00eda del director general del IMDE, Miguel \u00c1ngel Garc\u00eda Meza, para marcar el inicio del llenado de la misma, una tradici\u00f3n de estilo europeo.<\/p>\n<p>&nbsp;<\/p>\n<p>\u201cLo que tuvimos hoy fue un acto de protocolo y, a la vez, un gesto de honorabilidad, en el cual, como se realiza normalmente en Europa, se \u2018bautizo\u2019 esta alberca, por lo cual invitamos al presidente municipal, con la intenci\u00f3n de celebrar por medio de este evento, la Suma de Voluntades entre sociedad y gobierno, para hacer este campeonato y esta alberca posibles\u201d, declar\u00f3 el tambi\u00e9n presidente de la Federaci\u00f3n Mexicana de Deportistas Especiales (FEMEDE), Miguel \u00c1ngel Garc\u00eda Meza.<\/p>\n<p>&nbsp;<\/p>\n<p>Tras el abastecimiento total del agua de la alberca, se iniciar\u00e1n los procesos de tratamiento en la misma, para as\u00ed cumplir con las exigencias del comit\u00e9 internacional de la Organizaci\u00f3n Internacional de Nataci\u00f3n de S\u00edndrome de Down (DSISO, por sus siglas en ingl\u00e9s), los cuales comprenden, entre otras cosas: la nivelaci\u00f3n del PH del agua y de la temperatura de la misma.<\/p>\n<p>&nbsp;<\/p>\n","protected":false},"excerpt":{"rendered":"<p>En un acto protocolario, tal como sucede en tierras europeas, el Presidente Wilfrido L\u00e1zaro Medina \u201cbautiz\u00f3\u201d la alberca del Complejo Acu\u00e1tico \u201cMedallistas Paral\u00edmpicos\u201d<\/p>\n","protected":false},"author":1,"featured_media":11213,"comment_status":"open","ping_status":"open","sticky":false,"template":"","format":"standard","meta":{"footnotes":""},"categories":[14,9],"tags":[],"class_list":["post-11212","post","type-post","status-publish","format-standard","has-post-thumbnail","hentry","category-destacadas","category-morelia"],"_links":{"self":[{"href":"https:\/\/radiowebmx.com\/nota\/wp-json\/wp\/v2\/posts\/11212","targetHints":{"allow":["GET"]}}],"collection":[{"href":"https:\/\/radiowebmx.com\/nota\/wp-json\/wp\/v2\/posts"}],"about":[{"href":"https:\/\/radiowebmx.com\/nota\/wp-json\/wp\/v2\/types\/post"}],"author":[{"embeddable":true,"href":"https:\/\/radiowebmx.com\/nota\/wp-json\/wp\/v2\/users\/1"}],"replies":[{"embeddable":true,"href":"https:\/\/radiowebmx.com\/nota\/wp-json\/wp\/v2\/comments?post=11212"}],"version-history":[{"count":2,"href":"https:\/\/radiowebmx.com\/nota\/wp-json\/wp\/v2\/posts\/11212\/revisions"}],"predecessor-version":[{"id":11215,"href":"https:\/\/radiowebmx.com\/nota\/wp-json\/wp\/v2\/posts\/11212\/revisions\/11215"}],"wp:featuredmedia":[{"embeddable":true,"href":"https:\/\/radiowebmx.com\/nota\/wp-json\/wp\/v2\/media\/11213"}],"wp:attachment":[{"href":"https:\/\/radiowebmx.com\/nota\/wp-json\/wp\/v2\/media?parent=11212"}],"wp:term":[{"taxonomy":"category","embeddable":true,"href":"https:\/\/radiowebmx.com\/nota\/wp-json\/wp\/v2\/categories?post=11212"},{"taxonomy":"post_tag","embeddable":true,"href":"https:\/\/radiowebmx.com\/nota\/wp-json\/wp\/v2\/tags?post=11212"}],"curies":[{"name":"wp","href":"https:\/\/api.w.org\/{rel}","templated":true}]}}