{"id":11198,"date":"2014-11-05T17:25:29","date_gmt":"2014-11-05T23:25:29","guid":{"rendered":"https:\/\/radiowebmx.com\/nota\/?p=11198"},"modified":"2014-11-05T17:25:29","modified_gmt":"2014-11-05T23:25:29","slug":"entregan-mas-de-mil-titulos-de-propiedad-para-dar-certeza-juridica-al-patrimonio-de-familias-e-instituciones","status":"publish","type":"post","link":"https:\/\/radiowebmx.com\/nota\/entregan-mas-de-mil-titulos-de-propiedad-para-dar-certeza-juridica-al-patrimonio-de-familias-e-instituciones\/","title":{"rendered":"ENTREGAN M\u00c1S DE MIL T\u00cdTULOS DE PROPIEDAD PARA DAR CERTEZA JUR\u00cdDICA AL PATRIMONIO DE FAMILIAS E INSTITUCIONES"},"content":{"rendered":"<p>Con la representaci\u00f3n del gobernador Salvador Jara Guerrero, el secretario de Educaci\u00f3n, Armando Sep\u00falveda L\u00f3pez, asisti\u00f3 a la entrega de m\u00e1s de mil documentos agrarios con los que se da certeza jur\u00eddica al patrimonio de personas, ejidos, comunidades e instituciones como el Seguro Social (IMSS) y al propio Gobierno del Estado.<\/p>\n<p>En el evento, celebrado en Casa de Gobierno, Sep\u00falveda L\u00f3pez recibi\u00f3 de manos del delegado del Registro Agrario Nacional (RAN), Omar Arnulfo Mu\u00f1oz Garc\u00eda, 504 t\u00edtulos de propiedad con los que se da certeza en la posesi\u00f3n de predios en los que est\u00e1n asentados planteles educativas; asimismo, el IMSS recibi\u00f3 documentos similares para cl\u00ednicas de los municipios de Charo, Maravat\u00edo y de Zinap\u00e9cuaro, mientras que Certificados Parcelarios de uso com\u00fan fueron entregados a beneficiarios de Tuxpan, Chuc\u00e1ndiro y Morelia, y a escuelas de Morelia, Huandacareo y Tar\u00edmbaro.<\/p>\n<p>Cabe mencionar que el evento fue de car\u00e1cter nacional, con sede en el estado de Hidalgo y con enlaces al resto de las entidades federativas, y en el marco del mismo se entregaron, simb\u00f3licamente, m\u00e1s de 121 mil documentos. Entre Certificados Parcelarios, Certificados de Uso Com\u00fan y T\u00edtulos de solares urbanos.<\/p>\n<p>A Michoac\u00e1n correspondieron m\u00e1s de mil documentos y al respecto, Sep\u00falveda L\u00f3pez se\u00f1al\u00f3 que en instituciones como centros de salud, comunidades, escuelas, ejidos, entre otros, es m\u00e1s sensible tener certeza jur\u00eddica por los servicios que ofrecen, por ejemplo, las cl\u00ednicas y las instituciones educativas.<\/p>\n<p>La entrega de documentos agrarios en Michoac\u00e1n, dijo, obedecen al impulso que el presidente Enrique Pe\u00f1a Nieto ha dado a la entidad y al esfuerzo del gobernador Salvador Jara Guerrero por dotar de certeza jur\u00eddica al patrimonio de las personas y las instituciones.<\/p>\n<p>Omar Arnulfo Mu\u00f1oz Garc\u00eda, delegado del RAN en Michoac\u00e1n, mencion\u00f3 que brindar certeza jur\u00eddica a la tenencia de la tierra es muy importante porque permite salvaguardar y proteger el patrimonio de instituciones, ciudadanos y familias, adem\u00e1s de que abona al progreso y desarrollo de las entidades.<\/p>\n<p>En Michoac\u00e1n, a\u00f1adi\u00f3, se ha trabajado en conjunto con todas las instituciones federales, estatales, municipales, con los ejidatarios, con los ciudadanos y eso ha permitido avanzar y regularizar terrenos, ejidos y comunidades, as\u00ed como escuelas y cl\u00ednicas.<\/p>\n<p>&nbsp;<\/p>\n<p>Rom\u00e1n Acosta Rosales, delegado del IMSS en Michoac\u00e1n, mencion\u00f3 que la problem\u00e1tica sobre la incertidumbre de la propiedad en la que se asientan cl\u00ednicas y centros de salud es m\u00e1s fuerte en el medio rural.<\/p>\n<p>En los \u00faltimos seis meses, puntualiz\u00f3, la regularizaci\u00f3n de esos terrenos va avanzando y ya se concret\u00f3 en 13 de esas instalaciones y en tr\u00e1mite est\u00e1n m\u00e1s de 50.<\/p>\n<p>Al dar la bienvenida a los asistentes, el alcalde de Morelia, Wilfrido L\u00e1zaro Medina, mencion\u00f3 que la certeza jur\u00eddica en la tenencia de la tierra permite a los gobiernos locales aportar a la reconstrucci\u00f3n del tejido social y, en lo econ\u00f3mico, a quienes hacen producir la tierra.<\/p>\n<p>Al evento asistieron legisladores locales, servidores p\u00fablicos de los tres \u00f3rdenes de gobierno y representantes de ejidos y comunidades.<\/p>\n<p>&nbsp;<\/p>\n","protected":false},"excerpt":{"rendered":"<p>Con la representaci\u00f3n del gobernador Salvador Jara Guerrero, el secretario de Educaci\u00f3n, Armando Sep\u00falveda L\u00f3pez, asisti\u00f3 a la entrega de m\u00e1s de mil documentos agrarios con los que se da certeza jur\u00eddica al patrimonio de personas, ejidos, comunidades e instituciones como el Seguro Social (IMSS)<\/p>\n","protected":false},"author":1,"featured_media":11199,"comment_status":"open","ping_status":"open","sticky":false,"template":"","format":"standard","meta":{"footnotes":""},"categories":[14,3],"tags":[],"class_list":["post-11198","post","type-post","status-publish","format-standard","has-post-thumbnail","hentry","category-destacadas","category-gobierno-del-estado-de-michoacan"],"_links":{"self":[{"href":"https:\/\/radiowebmx.com\/nota\/wp-json\/wp\/v2\/posts\/11198","targetHints":{"allow":["GET"]}}],"collection":[{"href":"https:\/\/radiowebmx.com\/nota\/wp-json\/wp\/v2\/posts"}],"about":[{"href":"https:\/\/radiowebmx.com\/nota\/wp-json\/wp\/v2\/types\/post"}],"author":[{"embeddable":true,"href":"https:\/\/radiowebmx.com\/nota\/wp-json\/wp\/v2\/users\/1"}],"replies":[{"embeddable":true,"href":"https:\/\/radiowebmx.com\/nota\/wp-json\/wp\/v2\/comments?post=11198"}],"version-history":[{"count":1,"href":"https:\/\/radiowebmx.com\/nota\/wp-json\/wp\/v2\/posts\/11198\/revisions"}],"predecessor-version":[{"id":11200,"href":"https:\/\/radiowebmx.com\/nota\/wp-json\/wp\/v2\/posts\/11198\/revisions\/11200"}],"wp:featuredmedia":[{"embeddable":true,"href":"https:\/\/radiowebmx.com\/nota\/wp-json\/wp\/v2\/media\/11199"}],"wp:attachment":[{"href":"https:\/\/radiowebmx.com\/nota\/wp-json\/wp\/v2\/media?parent=11198"}],"wp:term":[{"taxonomy":"category","embeddable":true,"href":"https:\/\/radiowebmx.com\/nota\/wp-json\/wp\/v2\/categories?post=11198"},{"taxonomy":"post_tag","embeddable":true,"href":"https:\/\/radiowebmx.com\/nota\/wp-json\/wp\/v2\/tags?post=11198"}],"curies":[{"name":"wp","href":"https:\/\/api.w.org\/{rel}","templated":true}]}}