{"id":1118,"date":"2013-02-01T17:26:48","date_gmt":"2013-02-01T23:26:48","guid":{"rendered":"https:\/\/radiowebmx.com\/nota\/?p=1118"},"modified":"2013-02-01T17:26:48","modified_gmt":"2013-02-01T23:26:48","slug":"jiquilpan-se-suma-al-compromiso-de-cobaem-por-una-educacion-de-calidad-para-los-jovenes-michoacanos","status":"publish","type":"post","link":"https:\/\/radiowebmx.com\/nota\/jiquilpan-se-suma-al-compromiso-de-cobaem-por-una-educacion-de-calidad-para-los-jovenes-michoacanos\/","title":{"rendered":"JIQUILPAN SE SUMA AL COMPROMISO DE COBAEM POR UNA EDUCACI\u00d3N DE CALIDAD PARA LOS J\u00d3VENES MICHOACANOS"},"content":{"rendered":"<p>En cumplimiento a la premisa del gobierno del estado de elevar la calidad educativa, el Colegio de Bachilleres del Estado de Michoac\u00e1n y el ayuntamiento de Jiquilpan, signaron un convenio para conjuntar esfuerzos en beneficio de los j\u00f3venes bachilleres michoacanos.<\/p>\n<p>Los titulares de las dos instancias, Mario Maga\u00f1a Ju\u00e1rez y Jos\u00e9 Francisco \u00c1lvarez Cort\u00e9s, unieron esfuerzos para construir el cerco perimetral y fachada principal del Plantel COBAEM es este Pueblo M\u00e1gico, con una inversi\u00f3n de 800 mil pesos, de los cuales, el ayuntamiento invierte 700 mil pesos y el subsistema los 100 mil pesos restantes.<\/p>\n<p>Con lo anterior, el gobierno de Jiquilpan da muestra de voluntad y compromiso con sus gobernados, otorgando mejores condiciones de seguridad y espacios dignos, que son parte sustancial del proceso educativo, no solo para los j\u00f3venes que cursan alg\u00fan grado de su educaci\u00f3n media superior en este plantel, sino para las futuras generaciones que har\u00e1n uso de este patrimonio municipal.<\/p>\n<p>Actualmente, el Plantel COBAEM Jiquilpan brinda atenci\u00f3n educativa a 300 j\u00f3venes bachilleres provenientes de la cabecera municipal y de comunidades jiquilpenses, as\u00ed como a alumnos provenientes del municipio de Sahuayo.<\/p>\n<p>Mario Maga\u00f1a, director general del Colegio de Bachilleres del estado, inform\u00f3 que la gesti\u00f3n ante instancias municipales, estatales y federales, es parte de la estrategia para elevar el nivel educativo en la entidad.<\/p>\n<p>Se precis\u00f3 que tras el crecimiento inminente del subsistema en los \u00faltimos meses, la necesidad de dar atenci\u00f3n a una matr\u00edcula mayor, nuevas aulas, m\u00e1s equipo e incremento en las horas de docencia, la Direcci\u00f3n General de COBAEM focaliza sus esfuerzos en intensificar la gesti\u00f3n, buscando que los recursos que llegan a la instituci\u00f3n se multipliquen mediante convenios de participaci\u00f3n bipartita o tripartita.<\/p>\n<p>Estos acuerdos permiten a los ayuntamientos invertir en infraestructura educativa f\u00edsica y tecnol\u00f3gica en sus municipios, y a su vez, COBAEM atiende parte de sus necesidades m\u00e1s apremiantes.<\/p>\n","protected":false},"excerpt":{"rendered":"<p>En cumplimiento a la premisa del gobierno del estado de elevar la calidad educativa, el Colegio de Bachilleres del Estado de Michoac\u00e1n y el ayuntamiento de Jiquilpan, signaron un convenio para conjuntar esfuerzos en beneficio de los j\u00f3venes bachilleres michoacanos.<\/p>\n","protected":false},"author":1,"featured_media":0,"comment_status":"open","ping_status":"open","sticky":false,"template":"","format":"standard","meta":{"footnotes":""},"categories":[3],"tags":[],"class_list":["post-1118","post","type-post","status-publish","format-standard","hentry","category-gobierno-del-estado-de-michoacan"],"_links":{"self":[{"href":"https:\/\/radiowebmx.com\/nota\/wp-json\/wp\/v2\/posts\/1118","targetHints":{"allow":["GET"]}}],"collection":[{"href":"https:\/\/radiowebmx.com\/nota\/wp-json\/wp\/v2\/posts"}],"about":[{"href":"https:\/\/radiowebmx.com\/nota\/wp-json\/wp\/v2\/types\/post"}],"author":[{"embeddable":true,"href":"https:\/\/radiowebmx.com\/nota\/wp-json\/wp\/v2\/users\/1"}],"replies":[{"embeddable":true,"href":"https:\/\/radiowebmx.com\/nota\/wp-json\/wp\/v2\/comments?post=1118"}],"version-history":[{"count":2,"href":"https:\/\/radiowebmx.com\/nota\/wp-json\/wp\/v2\/posts\/1118\/revisions"}],"predecessor-version":[{"id":1120,"href":"https:\/\/radiowebmx.com\/nota\/wp-json\/wp\/v2\/posts\/1118\/revisions\/1120"}],"wp:attachment":[{"href":"https:\/\/radiowebmx.com\/nota\/wp-json\/wp\/v2\/media?parent=1118"}],"wp:term":[{"taxonomy":"category","embeddable":true,"href":"https:\/\/radiowebmx.com\/nota\/wp-json\/wp\/v2\/categories?post=1118"},{"taxonomy":"post_tag","embeddable":true,"href":"https:\/\/radiowebmx.com\/nota\/wp-json\/wp\/v2\/tags?post=1118"}],"curies":[{"name":"wp","href":"https:\/\/api.w.org\/{rel}","templated":true}]}}