{"id":1103,"date":"2013-02-01T17:10:42","date_gmt":"2013-02-01T23:10:42","guid":{"rendered":"https:\/\/radiowebmx.com\/nota\/?p=1103"},"modified":"2013-02-01T17:13:50","modified_gmt":"2013-02-01T23:13:50","slug":"mujeres-indigenas-reciben-recursos-para-proyectos-productivos","status":"publish","type":"post","link":"https:\/\/radiowebmx.com\/nota\/mujeres-indigenas-reciben-recursos-para-proyectos-productivos\/","title":{"rendered":"MUJERES IND\u00cdGENAS RECIBEN RECURSOS PARA PROYECTOS PRODUCTIVOS"},"content":{"rendered":"<p><img loading=\"lazy\" decoding=\"async\" class=\"alignnone\" src=\"http:\/\/img201.imageshack.us\/img201\/2989\/dsc4126u.jpg\" alt=\"\" width=\"591\" height=\"275\" \/>La Secretar\u00eda de la Mujer de Michoac\u00e1n (Semujer), hizo entrega de recursos por un total de 60 mil pesos a grupos de mujeres que viven en comunidades ind\u00edgenas, con el fin de incentivar su empoderamiento econ\u00f3mico y generar fuentes de autoempleo para las michoacanas.<\/p>\n<p>&nbsp;<\/p>\n<p>La titular de la Semujer, Consuelo Muro Urista, precis\u00f3 que el Programa de Organizaci\u00f3n Productiva para Mujeres Ind\u00edgenas (POPMI) adem\u00e1s de otorgar recursos para que las beneficiarias aprovechen y dediquen su tiempo a la actividad que han elegido, tambi\u00e9n brinda capacitaci\u00f3n y acompa\u00f1amiento t\u00e9cnico, y a\u00f1adi\u00f3 que los apoyos otorgados ser\u00e1n destinados a proyectos productivos en diversas vertientes, como la artesanal y la comercial.<\/p>\n<p>&nbsp;<\/p>\n<p>La funcionaria estatal reconoci\u00f3 el trabajo coordinado de las autoridades municipales con la dependencia en la implementaci\u00f3n de acciones a favor de las mujeres, mismo que permitir\u00e1 que los resultados se vean reflejados en la econom\u00eda de las familias, de la comunidad y del municipio de origen de las beneficiadas.<\/p>\n<p>&nbsp;<\/p>\n<p>Invit\u00f3 a las mujeres a continuar esforz\u00e1ndose de manera organizada con el fin de que su proyecto tenga buenos resultados, \u201cel trabajo que las mujeres realizamos es detonante para el estado porque no solamente somos m\u00e1s num\u00e9ricamente, sino que representamos un motor en el desarrollo econ\u00f3mico\u201d, se\u00f1al\u00f3.<\/p>\n<p>&nbsp;<\/p>\n<p>En su turno, el encargado del despacho de la presidencia municipal de Nahuatzen, Wilfrido Flores Villa, agradeci\u00f3 los apoyos otorgados por Semujer tras se\u00f1alar que ello permitir\u00e1 que las beneficiarias puedan autoemplearse, de igual forma solicit\u00f3 a la Secretar\u00eda que contin\u00faen fluyendo este tipo de programas.<\/p>\n<p>&nbsp;<\/p>\n<p>Asimismo, Gloria Espino Morales, directora de la Instancia de la Mujer de Nahuatzen, celebr\u00f3 la entrega de recursos que beneficiar\u00e1 a las mujeres de la comunidad en su econom\u00eda.<\/p>\n<p>&nbsp;<\/p>\n<p>Por su parte, Mar\u00eda de la Luz \u00c1lvarez Cris\u00f3stomo, a nombre de las beneficiarias originarias de las comunidades de Arantepacua y Sevina, agradeci\u00f3 los apoyos para impulsar sus proyectos productivos.<\/p>\n<p>&nbsp;<\/p>\n<p>Durante el evento tambi\u00e9n estuvieron presentes, Isabel Contreras Duarte, presidenta DIF municipal de Nahuatzen; la regidora de la Comisi\u00f3n de Mujer, Mar\u00eda Dolores Garc\u00eda; Marlene Le\u00f3n Nava, coordinadora de Proyectos Productivos de Semujer; Teresa Gonz\u00e1lez, asesora de la dependencia estatal, as\u00ed como integrantes del Cabildo.<\/p>\n","protected":false},"excerpt":{"rendered":"<p>La Secretar\u00eda de la Mujer de Michoac\u00e1n (Semujer), hizo entrega de recursos por un total de 60 mil pesos a grupos de mujeres que viven en comunidades ind\u00edgenas, con el fin de incentivar su empoderamiento econ\u00f3mico y generar fuentes de autoempleo para las michoacanas.<\/p>\n","protected":false},"author":1,"featured_media":0,"comment_status":"open","ping_status":"open","sticky":false,"template":"","format":"standard","meta":{"footnotes":""},"categories":[3],"tags":[],"class_list":["post-1103","post","type-post","status-publish","format-standard","hentry","category-gobierno-del-estado-de-michoacan"],"_links":{"self":[{"href":"https:\/\/radiowebmx.com\/nota\/wp-json\/wp\/v2\/posts\/1103","targetHints":{"allow":["GET"]}}],"collection":[{"href":"https:\/\/radiowebmx.com\/nota\/wp-json\/wp\/v2\/posts"}],"about":[{"href":"https:\/\/radiowebmx.com\/nota\/wp-json\/wp\/v2\/types\/post"}],"author":[{"embeddable":true,"href":"https:\/\/radiowebmx.com\/nota\/wp-json\/wp\/v2\/users\/1"}],"replies":[{"embeddable":true,"href":"https:\/\/radiowebmx.com\/nota\/wp-json\/wp\/v2\/comments?post=1103"}],"version-history":[{"count":3,"href":"https:\/\/radiowebmx.com\/nota\/wp-json\/wp\/v2\/posts\/1103\/revisions"}],"predecessor-version":[{"id":1105,"href":"https:\/\/radiowebmx.com\/nota\/wp-json\/wp\/v2\/posts\/1103\/revisions\/1105"}],"wp:attachment":[{"href":"https:\/\/radiowebmx.com\/nota\/wp-json\/wp\/v2\/media?parent=1103"}],"wp:term":[{"taxonomy":"category","embeddable":true,"href":"https:\/\/radiowebmx.com\/nota\/wp-json\/wp\/v2\/categories?post=1103"},{"taxonomy":"post_tag","embeddable":true,"href":"https:\/\/radiowebmx.com\/nota\/wp-json\/wp\/v2\/tags?post=1103"}],"curies":[{"name":"wp","href":"https:\/\/api.w.org\/{rel}","templated":true}]}}