{"id":10933,"date":"2014-10-22T14:25:12","date_gmt":"2014-10-22T19:25:12","guid":{"rendered":"https:\/\/radiowebmx.com\/nota\/?p=10933"},"modified":"2014-10-22T14:25:12","modified_gmt":"2014-10-22T19:25:12","slug":"arranca-en-morelia-la-gira-de-la-red-de-apoyo-a-emprendedores","status":"publish","type":"post","link":"https:\/\/radiowebmx.com\/nota\/arranca-en-morelia-la-gira-de-la-red-de-apoyo-a-emprendedores\/","title":{"rendered":"ARRANCA EN MORELIA LA GIRA DE LA RED DE APOYO A EMPRENDEDORES"},"content":{"rendered":"<p><a href=\"https:\/\/radiowebmx.com\/nota\/wp-content\/uploads\/2014\/10\/emprendedores-7.jpg\"><img loading=\"lazy\" decoding=\"async\" class=\"alignleft size-full wp-image-10934\" alt=\"emprendedores (7)\" src=\"https:\/\/radiowebmx.com\/nota\/wp-content\/uploads\/2014\/10\/emprendedores-7.jpg\" width=\"591\" height=\"242\" srcset=\"https:\/\/radiowebmx.com\/nota\/wp-content\/uploads\/2014\/10\/emprendedores-7.jpg 591w, https:\/\/radiowebmx.com\/nota\/wp-content\/uploads\/2014\/10\/emprendedores-7-300x122.jpg 300w\" sizes=\"auto, (max-width: 591px) 100vw, 591px\" \/><\/a>Enfocada a brindar apoyo a los j\u00f3venes michoacanos que tengan una idea o proyecto productivo con visi\u00f3n empresarial, donde adem\u00e1s, se generen empleos, el gobierno de la Rep\u00fablica, en una suma de voluntades con la administraci\u00f3n estatal y el apoyo del Ayuntamiento de Morelia, arranc\u00f3 la Gira de la Red de Apoyo al Emprendedor 2014 en la capital michoacana.<\/p>\n<p>&nbsp;<\/p>\n<p>En el acto inaugural, el presidente municipal de Morelia, Wilfrido L\u00e1zaro Medina agradeci\u00f3 la confianza de arrancar esta gira en Morelia, lugar en el que asegur\u00f3: \u201cEl Plan Michoac\u00e1n ha logrado los objetivos planeados por el ejecutivo federal Enrique Pe\u00f1a Nieto\u201d.<\/p>\n<p>&nbsp;<\/p>\n<p>Celebr\u00f3 la propuesta federal de brindar a los emprendedores los conocimientos necesarios e incluso el financiamiento para que sus propuestas empresariales sean una realidad, avanzando con ello en la nueva idea del autoempleo. \u201cQue importante es que no se limiten los j\u00f3venes en encontrar una fuente laboral a trav\u00e9s de una solicitud de empleo, sino que nazca en ellos la inquietud de crear su propio negocio\u201d, detall\u00f3 L\u00e1zaro Medina.<\/p>\n<p>&nbsp;<\/p>\n<p>Ante el Comisionado para la Seguridad y el Desarrollo Integral de Michoac\u00e1n, Alfredo Castillo Cervantes, l\u00edderes empresariales y universitarios de instituciones p\u00fablicas y privadas, el alcalde de la comuna resalt\u00f3 que en Morelia el Plan Michoac\u00e1n se ha cumplido y\u00a0 ha alcanzado importantes beneficios.<\/p>\n<p>&nbsp;<\/p>\n<p>Con una asistencia de m\u00e1s de mil 600 interesados en conocer los diversos programas de apoyo a emprendedores, la Gira de Redes tendr\u00e1 presencia en Morelia del 21 al 24 de octubre en el Poliforum Digital.<\/p>\n<p>&nbsp;<\/p>\n<p>De acuerdo a la delegada federal de la Secretar\u00eda de Econom\u00eda, Diana Hern\u00e1ndez, en este encuentro se impartir\u00e1n 54 conferencias, 36 talleres, 16 talleres especiales para aterrizar ideas empresariales y 16 campamentos empresariales.<\/p>\n<p>&nbsp;<\/p>\n<p>Al transmitir su mensaje a los asistentes, el comisionado para la Seguridad y Desarrollo Integral de Michoac\u00e1n, Alfredo Castillo, puntualiz\u00f3 que el Plan Michoac\u00e1n se conforma de tres etapas; la Contenci\u00f3n, la Construcci\u00f3n y la Consolidaci\u00f3n, y asegur\u00f3 que en las tres se requiere del trabajo en equipo y de la voluntad de todos los \u00f3rdenes de gobierno para crear un nuevo panorama de desarrollo econ\u00f3mico en la entidad.<\/p>\n","protected":false},"excerpt":{"rendered":"<p>Enfocada a brindar apoyo a los j\u00f3venes michoacanos que tengan una idea o proyecto productivo con visi\u00f3n empresarial, donde adem\u00e1s, se generen empleos, el gobierno de la Rep\u00fablica, en una suma de voluntades con la administraci\u00f3n estatal y el apoyo del Ayuntamiento de Morelia, arranc\u00f3 la Gira de la Red de Apoyo al Emprendedor 2014 [&hellip;]<\/p>\n","protected":false},"author":1,"featured_media":10934,"comment_status":"open","ping_status":"open","sticky":false,"template":"","format":"standard","meta":{"footnotes":""},"categories":[1],"tags":[],"class_list":["post-10933","post","type-post","status-publish","format-standard","has-post-thumbnail","hentry","category-sin-categoria"],"_links":{"self":[{"href":"https:\/\/radiowebmx.com\/nota\/wp-json\/wp\/v2\/posts\/10933","targetHints":{"allow":["GET"]}}],"collection":[{"href":"https:\/\/radiowebmx.com\/nota\/wp-json\/wp\/v2\/posts"}],"about":[{"href":"https:\/\/radiowebmx.com\/nota\/wp-json\/wp\/v2\/types\/post"}],"author":[{"embeddable":true,"href":"https:\/\/radiowebmx.com\/nota\/wp-json\/wp\/v2\/users\/1"}],"replies":[{"embeddable":true,"href":"https:\/\/radiowebmx.com\/nota\/wp-json\/wp\/v2\/comments?post=10933"}],"version-history":[{"count":2,"href":"https:\/\/radiowebmx.com\/nota\/wp-json\/wp\/v2\/posts\/10933\/revisions"}],"predecessor-version":[{"id":10936,"href":"https:\/\/radiowebmx.com\/nota\/wp-json\/wp\/v2\/posts\/10933\/revisions\/10936"}],"wp:featuredmedia":[{"embeddable":true,"href":"https:\/\/radiowebmx.com\/nota\/wp-json\/wp\/v2\/media\/10934"}],"wp:attachment":[{"href":"https:\/\/radiowebmx.com\/nota\/wp-json\/wp\/v2\/media?parent=10933"}],"wp:term":[{"taxonomy":"category","embeddable":true,"href":"https:\/\/radiowebmx.com\/nota\/wp-json\/wp\/v2\/categories?post=10933"},{"taxonomy":"post_tag","embeddable":true,"href":"https:\/\/radiowebmx.com\/nota\/wp-json\/wp\/v2\/tags?post=10933"}],"curies":[{"name":"wp","href":"https:\/\/api.w.org\/{rel}","templated":true}]}}