{"id":1091,"date":"2013-02-01T16:50:27","date_gmt":"2013-02-01T22:50:27","guid":{"rendered":"https:\/\/radiowebmx.com\/nota\/?p=1091"},"modified":"2013-02-01T16:52:53","modified_gmt":"2013-02-01T22:52:53","slug":"colegio-de-bachilleres-de-michoacan-recibe-a-autoridades-del-colegio-de-bachilleres-de-durango","status":"publish","type":"post","link":"https:\/\/radiowebmx.com\/nota\/colegio-de-bachilleres-de-michoacan-recibe-a-autoridades-del-colegio-de-bachilleres-de-durango\/","title":{"rendered":"COLEGIO DE BACHILLERES DE MICHOAC\u00c1N RECIBE A AUTORIDADES DEL COLEGIO DE BACHILLERES DE DURANGO"},"content":{"rendered":"<p><img loading=\"lazy\" decoding=\"async\" class=\"alignnone\" src=\"http:\/\/img707.imageshack.us\/img707\/8108\/img3495fg.jpg\" alt=\"\" width=\"591\" height=\"261\" \/>El Colegio de Bachilleres del Estado de Michoac\u00e1n (Cobaem) tiene como fundamento mejorar la calidad acad\u00e9mica en beneficio de los m\u00e1s de 43 mil estudiantes que tiene inscritos, por ello una comitiva de directivos de la instituci\u00f3n recibi\u00f3 a autoridades del Colegio de Bachilleres del Estado de Durango (Cobaed) para intercambiar estrategias educativas.<\/p>\n<p>&nbsp;<\/p>\n<p>Mario Maga\u00f1a Ju\u00e1rez, director general del Cobaem, asever\u00f3 que el objetivo de esta reuni\u00f3n es que las autoridades del Cobaed compartan los logros acad\u00e9micos que han llevado y posicionado a esa instituci\u00f3n entre las mejores del pa\u00eds por el nivel acad\u00e9mico que ofrece.<\/p>\n<p>&nbsp;<\/p>\n<p>Indic\u00f3 que en Michoac\u00e1n se trabaja de manera constante para mejorar la calidad acad\u00e9mica, por lo que se busca incrementar las estrategias educativas para los 43 mil 33 estudiantes michoacanos de los 123 planteles con los que se cuenta actualmente, con lo que se podr\u00eda colocar a esta instituci\u00f3n en los primeros lugares a nivel nacional, al igual que ya lo hace el Colegio de Bachilleres del Estado de Durango.<\/p>\n<p>&nbsp;<\/p>\n<p>Ante la presencia de Jos\u00e9 Guillermo Adame Calder\u00f3n, director general del COBAED, Mario Maga\u00f1a Ju\u00e1rez, refiri\u00f3 que para lograr avanzar es necesario aceptar las deficiencias y buscar las mejores alternativas para salir avante en beneficio de la educaci\u00f3n media superior.<\/p>\n<p>&nbsp;<\/p>\n<p>Asimismo, anunci\u00f3 once propuestas a seguir para mejorar los \u00edndices acad\u00e9micos, las cu\u00e1les son: la sensibilizaci\u00f3n, informaci\u00f3n y entrega de resultados; el plan estrat\u00e9gico por escuela; equipos de alto rendimiento; ex\u00e1menes departamentales; remediales por escuela y ampliaci\u00f3n del calendario escolar; cultura del trabajo y trabajo colegiado; supervisi\u00f3n educativa; reuniones con padres de familia; estrategias Pre-Enlace; conferencias motivacionales y soluci\u00f3n integral, un texto para todos.<\/p>\n<p>&nbsp;<\/p>\n<p>&nbsp;<\/p>\n<p>&nbsp;<\/p>\n<p>Posteriormente el director de Cobaem manifest\u00f3 que una de las primeras acciones es analizar los indicadores, ubicar d\u00f3nde se encuentra la instituci\u00f3n y hacia qu\u00e9 punto se quiere llegar, para as\u00ed alcanzar ese objetivo tan importante como es la educaci\u00f3n de calidad.<\/p>\n<p>&nbsp;<\/p>\n<p>En la reuni\u00f3n estuvieron presentes Roberto Ambris Mendoza, director Acad\u00e9mico; Georgina Canedo Mendarrozqueta, subdirectora Acad\u00e9mica; Patricia Mendoza Mendoza, directora de Planeaci\u00f3n; Paulo C\u00e9sar Solorio V\u00e1zquez, delegado Administrativo; Sergio Adame Calder\u00f3n, jefe del departamento de Evaluaci\u00f3n del COBAED; V\u00edctor Guzm\u00e1n Z\u00fa\u00f1iga, director de Desarrollo Editorial; Berenice Santamar\u00eda Vald\u00e9s, directora de Educaci\u00f3n No Escolarizada; Ignacio Cruz Pimentel, coordinador de Calidad.<\/p>\n<p>&nbsp;<\/p>\n<p>Tambi\u00e9n cont\u00f3 con la asistencia de Guadalupe Figueroa Mancilla, asesora de Direcci\u00f3n General; Juan Anastasio Escobedo D\u00edaz, l\u00edder de Proyectos; Arturo Salda\u00f1a Bastida, jefe del departamento de Recursos Humanos; Francisco Santoyo Guerrero, jefe del departamento de Mantenimiento y Servicios Generales; Antonio Medina Torres, jefe del departamento de Control Presupuestal y Alejandro Zamora G\u00f3mez, jefe del departamento de Inform\u00e1tica.<\/p>\n<p>&nbsp;<\/p>\n<p>&nbsp;<\/p>\n<p align=\"center\"><strong>\u00a0<\/strong><\/p>\n<p align=\"center\">\n","protected":false},"excerpt":{"rendered":"<p>El Colegio de Bachilleres del Estado de Michoac\u00e1n (Cobaem) tiene como fundamento mejorar la calidad acad\u00e9mica en beneficio de los m\u00e1s de 43 mil estudiantes que tiene inscritos, por ello una comitiva de directivos de la instituci\u00f3n recibi\u00f3 a autoridades del Colegio de Bachilleres del Estado de Durango (Cobaed) para intercambiar estrategias educativas.<\/p>\n","protected":false},"author":1,"featured_media":0,"comment_status":"open","ping_status":"open","sticky":false,"template":"","format":"standard","meta":{"footnotes":""},"categories":[3],"tags":[],"class_list":["post-1091","post","type-post","status-publish","format-standard","hentry","category-gobierno-del-estado-de-michoacan"],"_links":{"self":[{"href":"https:\/\/radiowebmx.com\/nota\/wp-json\/wp\/v2\/posts\/1091","targetHints":{"allow":["GET"]}}],"collection":[{"href":"https:\/\/radiowebmx.com\/nota\/wp-json\/wp\/v2\/posts"}],"about":[{"href":"https:\/\/radiowebmx.com\/nota\/wp-json\/wp\/v2\/types\/post"}],"author":[{"embeddable":true,"href":"https:\/\/radiowebmx.com\/nota\/wp-json\/wp\/v2\/users\/1"}],"replies":[{"embeddable":true,"href":"https:\/\/radiowebmx.com\/nota\/wp-json\/wp\/v2\/comments?post=1091"}],"version-history":[{"count":3,"href":"https:\/\/radiowebmx.com\/nota\/wp-json\/wp\/v2\/posts\/1091\/revisions"}],"predecessor-version":[{"id":1093,"href":"https:\/\/radiowebmx.com\/nota\/wp-json\/wp\/v2\/posts\/1091\/revisions\/1093"}],"wp:attachment":[{"href":"https:\/\/radiowebmx.com\/nota\/wp-json\/wp\/v2\/media?parent=1091"}],"wp:term":[{"taxonomy":"category","embeddable":true,"href":"https:\/\/radiowebmx.com\/nota\/wp-json\/wp\/v2\/categories?post=1091"},{"taxonomy":"post_tag","embeddable":true,"href":"https:\/\/radiowebmx.com\/nota\/wp-json\/wp\/v2\/tags?post=1091"}],"curies":[{"name":"wp","href":"https:\/\/api.w.org\/{rel}","templated":true}]}}