{"id":10875,"date":"2014-10-20T13:49:51","date_gmt":"2014-10-20T18:49:51","guid":{"rendered":"https:\/\/radiowebmx.com\/nota\/?p=10875"},"modified":"2014-10-20T13:49:51","modified_gmt":"2014-10-20T18:49:51","slug":"conmemoran-44-aniversario-luctuoso-del-general-lazaro-cardenas-del-rio","status":"publish","type":"post","link":"https:\/\/radiowebmx.com\/nota\/conmemoran-44-aniversario-luctuoso-del-general-lazaro-cardenas-del-rio\/","title":{"rendered":"CONMEMORAN 44 ANIVERSARIO LUCTUOSO DEL GENERAL L\u00c1ZARO CARDENAS DEL R\u00cdO"},"content":{"rendered":"<p><a href=\"https:\/\/radiowebmx.com\/nota\/wp-content\/uploads\/2014\/10\/DSC_4454.jpg\"><img loading=\"lazy\" decoding=\"async\" class=\"alignleft size-full wp-image-10876\" alt=\"DSC_4454\" src=\"https:\/\/radiowebmx.com\/nota\/wp-content\/uploads\/2014\/10\/DSC_4454.jpg\" width=\"591\" height=\"318\" srcset=\"https:\/\/radiowebmx.com\/nota\/wp-content\/uploads\/2014\/10\/DSC_4454.jpg 591w, https:\/\/radiowebmx.com\/nota\/wp-content\/uploads\/2014\/10\/DSC_4454-300x161.jpg 300w\" sizes=\"auto, (max-width: 591px) 100vw, 591px\" \/><\/a>El Ayuntamiento de Morelia que preside el presidente municipal, Wilfrido L\u00e1zaro Medina, conjuntamente con el gobierno de Michoac\u00e1n y la Federaci\u00f3n, \u00a0conmemoraron con un acto c\u00edvico, el 44 aniversario luctuoso del General L\u00e1zaro C\u00e1rdenas del R\u00edo. El orador oficial fue el senador de la Rep\u00fablica, Ra\u00fal Mor\u00f3n Orozco.<\/p>\n<p>&nbsp;<\/p>\n<p>Su discurso inici\u00f3 con un reconocimiento por la lucha a favor del pueblo, resaltando el impulso de la\u00a0 expropiaci\u00f3n petrolera, el reparto de 400 mil hect\u00e1reas agrarias y la creaci\u00f3n del Instituto Polit\u00e9cnico Nacional.<\/p>\n<p>&nbsp;<\/p>\n<p>Con la presencia del presidente del Supremo Tribunal de Justicia, Juan Antonio Maga\u00f1a de la Mora, seguidores cardenistas, funcionarios de los tres \u00f3rdenes de gobierno y alumnos de la primaria que lleva el nombre del general, el senador de la Rep\u00fablica hizo un en\u00e9rgico llamado a recuperar los principios e ideales del ex \u00a0presidente de M\u00e9xico que protege la vida y la libertad y haciendo referencia a esto, exigi\u00f3 el regreso de los normalistas de Iguala Guerrero y se castigue a los responsables de tan lamentable desaparici\u00f3n.<\/p>\n<p>&nbsp;<\/p>\n<p>El legislador emanado del Partido de la Revoluci\u00f3n Democr\u00e1tica, en memoria del general convoc\u00f3 a celebrar un pacto social que provenga desde los sectores m\u00e1s golpeados y sacrificados y que los poderes recobren con fuerza el compromiso de servir al pueblo.<\/p>\n<p>&nbsp;<\/p>\n<p>Posterior al discurso oficial, el presidente municipal de Morelia, Wilfrido L\u00e1zaro Medina; el presidente del Supremo Tribunal de Justicia en la entidad, Juan Antonio Maga\u00f1a de la Mora, y el Senador de la Rep\u00fablica, Ra\u00fal Mor\u00f3n Orozco, as\u00ed como el coordinador de Asuntos Interinstitucionales del Gobierno del Estado, Francisco Javier Lara Medina, depositaron una ofrenda floral y montaron guardia de honor en el monumento al homenajeado michoacano a 44 a\u00f1os de su p\u00e9rdida f\u00edsica.<\/p>\n","protected":false},"excerpt":{"rendered":"<p>El Ayuntamiento de Morelia que preside el presidente municipal, Wilfrido L\u00e1zaro Medina, conjuntamente con el gobierno de Michoac\u00e1n y la Federaci\u00f3n,  conmemoraron con un acto c\u00edvico, el 44 aniversario luctuoso del General L\u00e1zaro C\u00e1rdenas del R\u00edo. El orador oficial fue el senador de la Rep\u00fablica,<\/p>\n","protected":false},"author":1,"featured_media":10876,"comment_status":"open","ping_status":"open","sticky":false,"template":"","format":"standard","meta":{"footnotes":""},"categories":[14,9],"tags":[],"class_list":["post-10875","post","type-post","status-publish","format-standard","has-post-thumbnail","hentry","category-destacadas","category-morelia"],"_links":{"self":[{"href":"https:\/\/radiowebmx.com\/nota\/wp-json\/wp\/v2\/posts\/10875","targetHints":{"allow":["GET"]}}],"collection":[{"href":"https:\/\/radiowebmx.com\/nota\/wp-json\/wp\/v2\/posts"}],"about":[{"href":"https:\/\/radiowebmx.com\/nota\/wp-json\/wp\/v2\/types\/post"}],"author":[{"embeddable":true,"href":"https:\/\/radiowebmx.com\/nota\/wp-json\/wp\/v2\/users\/1"}],"replies":[{"embeddable":true,"href":"https:\/\/radiowebmx.com\/nota\/wp-json\/wp\/v2\/comments?post=10875"}],"version-history":[{"count":2,"href":"https:\/\/radiowebmx.com\/nota\/wp-json\/wp\/v2\/posts\/10875\/revisions"}],"predecessor-version":[{"id":10878,"href":"https:\/\/radiowebmx.com\/nota\/wp-json\/wp\/v2\/posts\/10875\/revisions\/10878"}],"wp:featuredmedia":[{"embeddable":true,"href":"https:\/\/radiowebmx.com\/nota\/wp-json\/wp\/v2\/media\/10876"}],"wp:attachment":[{"href":"https:\/\/radiowebmx.com\/nota\/wp-json\/wp\/v2\/media?parent=10875"}],"wp:term":[{"taxonomy":"category","embeddable":true,"href":"https:\/\/radiowebmx.com\/nota\/wp-json\/wp\/v2\/categories?post=10875"},{"taxonomy":"post_tag","embeddable":true,"href":"https:\/\/radiowebmx.com\/nota\/wp-json\/wp\/v2\/tags?post=10875"}],"curies":[{"name":"wp","href":"https:\/\/api.w.org\/{rel}","templated":true}]}}