{"id":10866,"date":"2014-10-20T13:30:25","date_gmt":"2014-10-20T18:30:25","guid":{"rendered":"https:\/\/radiowebmx.com\/nota\/?p=10866"},"modified":"2014-10-20T13:30:25","modified_gmt":"2014-10-20T18:30:25","slug":"imde-inauguro-la-edicion-xxi-de-la-liga-de-futbol-veteranos-tepeyac","status":"publish","type":"post","link":"https:\/\/radiowebmx.com\/nota\/imde-inauguro-la-edicion-xxi-de-la-liga-de-futbol-veteranos-tepeyac\/","title":{"rendered":"IMDE INAUGUR\u00d3 LA EDICI\u00d3N XXI DE LA LIGA DE FUTBOL VETERANOS TEPEYAC"},"content":{"rendered":"<p><b><a href=\"https:\/\/radiowebmx.com\/nota\/wp-content\/uploads\/2014\/10\/FOTO-8-1.jpg\"><img loading=\"lazy\" decoding=\"async\" class=\"alignleft size-full wp-image-10867\" alt=\"FOTO 8 (1)\" src=\"https:\/\/radiowebmx.com\/nota\/wp-content\/uploads\/2014\/10\/FOTO-8-1.jpg\" width=\"591\" height=\"354\" srcset=\"https:\/\/radiowebmx.com\/nota\/wp-content\/uploads\/2014\/10\/FOTO-8-1.jpg 591w, https:\/\/radiowebmx.com\/nota\/wp-content\/uploads\/2014\/10\/FOTO-8-1-300x179.jpg 300w\" sizes=\"auto, (max-width: 591px) 100vw, 591px\" \/><\/a>\u00a0<\/b>El Ayuntamiento de Morelia, a trav\u00e9s del Instituto Municipal de Cultura F\u00edsica y Deporte, inaugur\u00f3 la\u00a0\u00a0edici\u00f3n XXI de la Liga de Futbol Veteranos Tepeyac en su temporada 2014-2015, con la participaci\u00f3n de 38 equipos. Ser\u00e1 hasta el pr\u00f3ximo s\u00e1bado1 de noviembre cuando se ponga en marcha la primera jornada del torneo.<\/p>\n<p>&nbsp;<\/p>\n<p>Las instalaciones del Complejo Deportivo Bicentenario, albergaron la citada inauguraci\u00f3n, de la Liga de Futbol Veteranos, otro de los proyectos apoyados por la administraci\u00f3n del alcalde moreliano, Wilfrido L\u00e1zaro Medina, en su af\u00e1n de fortalecer a la ciudad como la \u201cCapital Nacional del Deporte\u201d.<\/p>\n<p>&nbsp;<\/p>\n<p>En la inauguraci\u00f3n de la Liga estuvieron presentes autoridades del deporte como: Patricia Ort\u00edz, encargada de Deporte Social, en representaci\u00f3n de Ruth Huipe Estrada, directora general de la CECUFID; Miguel \u00c1ngel Garc\u00eda Meza, director general del IMDE; Gabriel Prado, presidente de la Liga Municipal de Futbol de Morelia; as\u00ed como Ignacio Ru\u00edz de Ch\u00e1vez, presidente de la Liga Tepeyac de Futbol, entre otras personalidades.<\/p>\n<p>&nbsp;<\/p>\n<p>\u201cGracias a las gestiones de Wilfrido L\u00e1zaro Medina, nuestro presidente municipal y a la suma de voluntades entre todas las partes, avanzamos de esta manera, en la direcci\u00f3n correcta, para involucrar cada vez a m\u00e1s personas de todas las edades, en el deporte y la cultura f\u00edsica, fundamental para esta administraci\u00f3n\u201d, asegur\u00f3 el director del IMDE, Miguel \u00c1ngel Garc\u00eda Meza.<\/p>\n<p>&nbsp;<\/p>\n<p>La ceremonia de inauguraci\u00f3n dio inicio con el tradicional desfile de las escuadras participantes en la nueva temporada; equipos como Bachilleres, Dinos Max, P\u00e1tzcuaro, IMSS, Tercer Milenio, Deportivo Isaac Arriaga; Real Ma\u00edz, Deportivo Italia, Santiaguito, Lobos, Cetis, Indaparapeo, La Goleta, entre varias plantillas m\u00e1s.<\/p>\n<p>&nbsp;<\/p>\n<p>Posteriormente y como es costumbre, se entregaron los trofeos a los campeones y subcampeones de la temporada anterior en cada una de las categor\u00edas.<\/p>\n<p>Para esta vig\u00e9sima primera edici\u00f3n se inscribieron 38 equipos, en las categor\u00edas S\u00faper (de 37 a\u00f1os en adelante); Premier (de 47 a\u00f1os y m\u00e1s), as\u00ed como la Diamante (mayores de 57 a\u00f1os de edad).<\/p>\n<p>&nbsp;<\/p>\n<p>La actividad de la Liga comenzar\u00e1 el pr\u00f3ximo s\u00e1bado 1 de noviembre en las diversas canchas destinadas al torneo, como las del Bicentenario, Miguel Hidalgo, la del Venustiano Carranza; el Deportivo Er\u00e9ndira as\u00ed como Nuevo Deportivo Tepeyac, ubicado a un costado del Centro de Formaci\u00f3n de Monarcas Morelia. Ser\u00e1 en el mes de agosto del siguiente a\u00f1o cuando concluya el tradicional torneo de los denominados j\u00f3venes de la tercera edad.<\/p>\n","protected":false},"excerpt":{"rendered":"<p> El Ayuntamiento de Morelia, a trav\u00e9s del Instituto Municipal de Cultura F\u00edsica y Deporte, inaugur\u00f3 la  edici\u00f3n XXI de la Liga de Futbol Veteranos Tepeyac en su temporada 2014-2015,<\/p>\n","protected":false},"author":1,"featured_media":10867,"comment_status":"open","ping_status":"open","sticky":false,"template":"","format":"standard","meta":{"footnotes":""},"categories":[14,9],"tags":[],"class_list":["post-10866","post","type-post","status-publish","format-standard","has-post-thumbnail","hentry","category-destacadas","category-morelia"],"_links":{"self":[{"href":"https:\/\/radiowebmx.com\/nota\/wp-json\/wp\/v2\/posts\/10866","targetHints":{"allow":["GET"]}}],"collection":[{"href":"https:\/\/radiowebmx.com\/nota\/wp-json\/wp\/v2\/posts"}],"about":[{"href":"https:\/\/radiowebmx.com\/nota\/wp-json\/wp\/v2\/types\/post"}],"author":[{"embeddable":true,"href":"https:\/\/radiowebmx.com\/nota\/wp-json\/wp\/v2\/users\/1"}],"replies":[{"embeddable":true,"href":"https:\/\/radiowebmx.com\/nota\/wp-json\/wp\/v2\/comments?post=10866"}],"version-history":[{"count":2,"href":"https:\/\/radiowebmx.com\/nota\/wp-json\/wp\/v2\/posts\/10866\/revisions"}],"predecessor-version":[{"id":10869,"href":"https:\/\/radiowebmx.com\/nota\/wp-json\/wp\/v2\/posts\/10866\/revisions\/10869"}],"wp:featuredmedia":[{"embeddable":true,"href":"https:\/\/radiowebmx.com\/nota\/wp-json\/wp\/v2\/media\/10867"}],"wp:attachment":[{"href":"https:\/\/radiowebmx.com\/nota\/wp-json\/wp\/v2\/media?parent=10866"}],"wp:term":[{"taxonomy":"category","embeddable":true,"href":"https:\/\/radiowebmx.com\/nota\/wp-json\/wp\/v2\/categories?post=10866"},{"taxonomy":"post_tag","embeddable":true,"href":"https:\/\/radiowebmx.com\/nota\/wp-json\/wp\/v2\/tags?post=10866"}],"curies":[{"name":"wp","href":"https:\/\/api.w.org\/{rel}","templated":true}]}}