{"id":10864,"date":"2014-10-20T13:02:34","date_gmt":"2014-10-20T18:02:34","guid":{"rendered":"https:\/\/radiowebmx.com\/nota\/?p=10864"},"modified":"2014-10-20T13:02:34","modified_gmt":"2014-10-20T18:02:34","slug":"temas-de-cafe-208","status":"publish","type":"post","link":"https:\/\/radiowebmx.com\/nota\/temas-de-cafe-208\/","title":{"rendered":"TEMAS DE CAFE"},"content":{"rendered":"<p><a href=\"https:\/\/radiowebmx.com\/nota\/wp-content\/uploads\/2013\/06\/temas-de-cafe.jpg\"><img loading=\"lazy\" decoding=\"async\" class=\"alignleft size-full wp-image-2805\" alt=\"temas de cafe\" src=\"https:\/\/radiowebmx.com\/nota\/wp-content\/uploads\/2013\/06\/temas-de-cafe.jpg\" width=\"295\" height=\"171\" \/><\/a>+ \u00bfY SI VENDRA EL PRESIDENTE?<\/p>\n<p>+ EN EL 15 LOS 113 MUNICIPIOS<\/p>\n<p>+ \u00bfCASTILLO PARA LA 2DA FASE?<\/p>\n<p>+ ANGEL AGUIRRE Y LOS CHUCHOS<\/p>\n<p>Don Jos\u00e9 Mar\u00eda Morelos no solamente era un genio militar, era un estadista ya que con la Constituci\u00f3n de Apatzing\u00e1n, se conjugan los elementos de Los Sentimientos de la Naci\u00f3n, dados a conocer en Chilpancingo el 14 de septiembre de 1813, as\u00ed como de los principios de los elementos constitucionales de la Junta de Zit\u00e1cuaro, que le otorgaron rumbo tanto jur\u00eddico como pol\u00edtico, a la lucha de Independencia por eso es tan trascendente, este documento para M\u00e9xico y precedente para todo los pa\u00edses, que conformaban los virreinatos de Espa\u00f1a en la Am\u00e9rica, por esto es digno destacar los eventos que se organizaron para este fin, principalmente en el Congreso del Estado, la Comisi\u00f3n que se cre\u00f3 para este fin, encabezad por el diputado C\u00e9sar Ch\u00e1vez.<\/p>\n<p>LA DUDA ES SI VENDRA EL PRESIDENTE DE MEXICO<\/p>\n<p>La celebraci\u00f3n desde luego que amerita, la presencia del presidente Enrique Pe\u00f1a Neto, no debemos olvidar que hace 50 a\u00f1os vino a la celebraci\u00f3n de los 150 a\u00f1os de la promulgaci\u00f3n de la Constituci\u00f3n de Apatzing\u00e1n, el entonces presidente Adolfo L\u00f3pez Mateos, y no solamente vino sino que inaugur\u00f3 una serie de obras, que le cambiaron la imagen a Apatzing\u00e1n, y a Morelia el gobernado era Agust\u00edn Arriaga Rivera.<\/p>\n<p>TAMBIEN DEVOLVI\u00d3 LA SEGURIDAD A MICHOACAN<\/p>\n<p>Por lo menos hasta el momento de escribir este comentario, segu\u00eda en pie la presencia del presidente, pero hab\u00eda indicios de que suspender\u00eda su visita, con lo cual ser\u00eda la segunda ocasi\u00f3n que la suspende, la primera vez porque estaba enfermo de una peque\u00f1a gripe, justo cuando inaugurar\u00eda el congreso internacional del Chile, donde se abuche\u00f3 al Comisionado, hasta se suspendi\u00f3 su intervenci\u00f3n, para no provocar m\u00e1s abucheos, quienes justifican su ausencia este 22, afirman que no puede venir, por c\u00f3mo se encuentra el pa\u00eds, en la tercera crisis desde la del 68, tema que intentaremos desarrollar en unos momentos m\u00e1s.<\/p>\n<p>Pero Michoac\u00e1n estaba igual hace unos 55 a\u00f1os, la Tierra Caliente insegura con asaltos, robos, traficantes de drogas, abigeato en fin, una tierra de nadie, precisamente por eso fue\u00a0 que el propio presidente Adolfo L\u00f3pez Mateos,\u00a0 envi\u00f3 al general Salvador Rangel y a sus muchachos, en misi\u00f3n especial, no envi\u00f3 a un comisionado ni a una legi\u00f3n de extra\u00f1os, a la administraci\u00f3n estatal, la cual ni toc\u00f3 solamente envi\u00f3 al general Rangel y a sus muchachos quienes en algunos a\u00f1os, limpiaron de maleantes la regi\u00f3n, a tal grado que el presidente L\u00f3pez Mateos, pudo venir en paz y tranquilidad, a inaugurar decenas de obras tanto en Morelia, como en Apatzing\u00e1n y presidir los actos c\u00edvicos sin ning\u00fan problema.<\/p>\n<p>\u00bfMICHOACAN ES DIFERENTE?, ENTONCES VENGA PRESIDENTE<\/p>\n<p>Ser\u00eda muy lamentable que en esta fecha tan importante, no viniera el presidente de\u00a0 M\u00e9xico,\u00a0 porque ser\u00eda enviar un p\u00e9simo mensaje al pa\u00eds y al extranjero, sabemos que tiene problemas en Guerrero,\u00a0 as\u00ed como en el Estado de M\u00e9xico, \u00a0el caso Tlataya se ha minimizado, por los casos en Guerrero,\u00a0 pero aunque hay voces que lo critican severamente y algunas hasta piden su salida de la presidencia, exageran porque M\u00e9xico es enorme,\u00a0 que hay problemas en cuatro o cinco estados, es importante pero no\u00a0 quiere decir que todo el pa\u00eds est\u00e1 en llamas.<\/p>\n<p>GUERRERO, VERACRUZ Y MORELIA<\/p>\n<p>Por ejemplo tenemos el caso Guerrero, si se ve a M\u00e9xico a trav\u00e9s de Guerrero es grave, pero vea en el otro lado del pa\u00eds en Veracruz, se realiza un evento deportivo que une a gente, de Am\u00e9rica Latina y todo en paz, o el Morelia se trabaja en el festival internacional de M\u00fasica, y se realiza el Festival Internacional de Cine, M\u00e9xico es m\u00e1s grande que los problemas que enfrenta hoy, por eso creemos que el presidente debe seguir enviando mensajes a todo el mundo, por ello debe venir a Michoac\u00e1n y visitar Apatzing\u00e1n, y demostrar que se puede ir al coraz\u00f3n de la Tierra Caliente en paz. De otra manera el mensaje ser\u00e1 demoledor para los esfuerzos de su gobierno y\u00a0 su Comisionado.<\/p>\n<p>MARKO, LUISA MARIA, ALFONSO Y ALVARADO LARIS<\/p>\n<p>Dec\u00eda Carlos Hank Gonz\u00e1lez que el pol\u00edtico pobre, era un pobre pol\u00edtico, y el maestro ten\u00eda raz\u00f3n, es duro, pero es verdad la pol\u00edtica cuesta, y para hacer pol\u00edtica desde luego que se necesita dinero, pero hay varios pol\u00edticos que creen, que por su\u00a0 carisma e inteligencia, tienen suficiente y a\u00fan peor hay otros, a veces son los mismos que creen que la gente\u00a0 no tiene memoria y se dedican a prometer obras y puestos,\u00a0 aseguran que van a hacer mucho y nunca cumplen, y desde luego la gente tiene memoria, se lo comentamos porque hoy ya estamos en pleno proceso electoral que tendr\u00e1, una etapa importante el segundo domingo de junio del a\u00f1o entrante<\/p>\n<p>Poco a poco iremos comentando diversos aspectos de todos los partidos, en esta ocasi\u00f3n usted debe saber que el domingo pasado, Marko Cort\u00e9s celebr\u00f3 su cumplea\u00f1os con una comida, para cientos de personas<\/p>\n<p>All\u00e1 en el Mirador de Altozano, unos d\u00edas antes Luisa Mar\u00eda hab\u00eda dado su informe, de actividades en el senado, y m\u00e1s atr\u00e1s Alfonso Mart\u00ednez tuvo una convivencia all\u00e1 por Santiaguito, y las cosas se caldearon\u00a0 al interior del PAN Michoacano, porque se dijo que Marko se centrar\u00eda en la capital del pa\u00eds, pero no, parece que\u00a0 tambi\u00e9n quiere ir por el gobierno del estado, igual se pens\u00f3 que Alfonso Mart\u00ednez ir\u00eda solo por Morelia, pero no ah\u00ed est\u00e1 Carlos Quintana y ahora Ignacio Alvarado Laris, quien desde luego no tiene ninguna oportunidad para la presidencia, pero si para una regidur\u00eda o una candidatura a una diputaci\u00f3n local.<\/p>\n<p>SIGUEN LAS LUCHAS SINDICALES, AHORA LA SECCION XXI<\/p>\n<p>Est\u00e1 programada para este d\u00eda una protesta, de los integrantes de la secci\u00f3n XXI, del sindicato de trabajadores de la Salud, que dirige Fabio Meza por los mismos problemas, porque el actual secretario igual que los pasados, ni los ven ni los oyen en este caso no les han dado uniformes, ni les han cumplido una serie de prestaciones, argumentan no tener dinero pero ese no es problema de los trabajadores, pero se advierte una enorme insensibilidad del actual titular de\u00a0 salud, poco le importan los michoacanos, ya que \u00e9l no lo es.<\/p>\n<p>PARA EL 15, LOS 113 MUNICIPIOS EN\u00a0 LA CRUZADA<\/p>\n<p>El delegado de la Sedesol en la entidad, V\u00edctor Silva Tejeda dio a conocer, que trabaja en la inclusi\u00f3n para el a\u00f1o entrante de todos los municipios del estado, actualmente afirm\u00f3 est\u00e1n dentro de la Cruzada Nacional contra el Hambre, 51 municipios de lograrse dijo Silva Tejeda, se incrementar\u00e1n los recursos destinados para la entidad, actualmente se ejercen\u00a0 8 mil 500 millones a trav\u00e9s de las19 dependencias federales y estatales, que participan en esta cruzada, adem\u00e1s subray\u00f3 que en la Sedesol no habr\u00e1 subejercicios, ya que su aplicaci\u00f3n va acorde con los tiempos.<\/p>\n<p>LA TERCERA FASE, EL DESARROLLO INTEGRAL<\/p>\n<p>No cabe duda\u00a0 y se le agradece, a pesar de la oposici\u00f3n de buena parte de los michoacanos, al Comisionado Alfredo Castillo se esfuerza, por tratar de cumplir con su encomienda presidencial, dijo que trabaja en a aplicaci\u00f3n de la fase tres, de la Comisi\u00f3n que es el desarrollo integral de Michoac\u00e1n, pero ya lo hemos comentado, por mucho que se esfuerza, ese no es su campo, \u00e9l es un polic\u00eda que se esfuerza en cumplir con su misi\u00f3n, pero el desarrollo integral de Michoac\u00e1n, debe ser responsabilidad de gente especializada en ese campo. Deben leer c\u00f3mo era Fomich cuando Carlos Torres Manzo lo cre\u00f3, como est\u00e1n las cosas solamente con aportaciones del estado federal, estatal y de los gobiernos municipales.<\/p>\n<p>LA UNIVERSIDAD MICHOACANA EN SU PEOR MOMENTO<\/p>\n<p>De acuerdo con el rector Gerardo Tinoco, hoy la Universidad Michoacana, se encuentra en su peor momento, no tiene dinero para la quincena siguiente, y as\u00ed ya tiene dos o tres, cada quincena es un suplicio para las autoridades, y a\u00fan peor Eduardo Tena dio a conocer, que preparan el estallamiento de una huelga, para el cuatro del mes pr\u00f3ximo, por ello se le debe hacer una revisi\u00f3n exhaustiva de sus recursos, y es que tradicionalmente las autoridades universitarias, alegan autonom\u00eda y solamente informan al Consejo Universitario, pero no, deben informar al Congreso sobre sus egresos, ya que recibe recursos p\u00fablicos.<\/p>\n","protected":false},"excerpt":{"rendered":"<p>+ \u00bfY SI VENDRA EL PRESIDENTE?<br \/>\n+ EN EL 15 LOS 113 MUNICIPIOS<br \/>\n+ \u00bfCASTILLO PARA LA 2DA FASE?<br \/>\n+ ANGEL AGUIRRE Y LOS CHUCHOS<\/p>\n","protected":false},"author":1,"featured_media":0,"comment_status":"open","ping_status":"open","sticky":false,"template":"","format":"standard","meta":{"footnotes":""},"categories":[4,14,10],"tags":[],"class_list":["post-10864","post","type-post","status-publish","format-standard","hentry","category-columnistas","category-destacadas","category-juan-manuel-belmonte"],"_links":{"self":[{"href":"https:\/\/radiowebmx.com\/nota\/wp-json\/wp\/v2\/posts\/10864","targetHints":{"allow":["GET"]}}],"collection":[{"href":"https:\/\/radiowebmx.com\/nota\/wp-json\/wp\/v2\/posts"}],"about":[{"href":"https:\/\/radiowebmx.com\/nota\/wp-json\/wp\/v2\/types\/post"}],"author":[{"embeddable":true,"href":"https:\/\/radiowebmx.com\/nota\/wp-json\/wp\/v2\/users\/1"}],"replies":[{"embeddable":true,"href":"https:\/\/radiowebmx.com\/nota\/wp-json\/wp\/v2\/comments?post=10864"}],"version-history":[{"count":1,"href":"https:\/\/radiowebmx.com\/nota\/wp-json\/wp\/v2\/posts\/10864\/revisions"}],"predecessor-version":[{"id":10865,"href":"https:\/\/radiowebmx.com\/nota\/wp-json\/wp\/v2\/posts\/10864\/revisions\/10865"}],"wp:attachment":[{"href":"https:\/\/radiowebmx.com\/nota\/wp-json\/wp\/v2\/media?parent=10864"}],"wp:term":[{"taxonomy":"category","embeddable":true,"href":"https:\/\/radiowebmx.com\/nota\/wp-json\/wp\/v2\/categories?post=10864"},{"taxonomy":"post_tag","embeddable":true,"href":"https:\/\/radiowebmx.com\/nota\/wp-json\/wp\/v2\/tags?post=10864"}],"curies":[{"name":"wp","href":"https:\/\/api.w.org\/{rel}","templated":true}]}}