{"id":10860,"date":"2014-10-20T13:01:21","date_gmt":"2014-10-20T18:01:21","guid":{"rendered":"https:\/\/radiowebmx.com\/nota\/?p=10860"},"modified":"2014-10-20T13:01:21","modified_gmt":"2014-10-20T18:01:21","slug":"el-diputado-federla-silvano-aureoles-conejo-debe-prevalecer-el-iteres-superior-de-las-y-los-michoacanos-para-resolver-el-reto-economico-del-estado","status":"publish","type":"post","link":"https:\/\/radiowebmx.com\/nota\/el-diputado-federla-silvano-aureoles-conejo-debe-prevalecer-el-iteres-superior-de-las-y-los-michoacanos-para-resolver-el-reto-economico-del-estado\/","title":{"rendered":"EL DIPUTADO FEDERLA SILVANO AUREOLES CONEJO, DEBE PREVALECER EL ITER\u00c9S SUPERIOR DE LAS Y LOS MICHOACANOS PARA RESOLVER EL RETO ECON\u00d3MICO DEL ESTADO."},"content":{"rendered":"<p><a href=\"https:\/\/radiowebmx.com\/nota\/wp-content\/uploads\/2014\/10\/SILVANO-2014-006.jpg\"><img loading=\"lazy\" decoding=\"async\" class=\"alignleft size-full wp-image-10861\" alt=\"SILVANO 2014 006\" src=\"https:\/\/radiowebmx.com\/nota\/wp-content\/uploads\/2014\/10\/SILVANO-2014-006.jpg\" width=\"591\" height=\"249\" srcset=\"https:\/\/radiowebmx.com\/nota\/wp-content\/uploads\/2014\/10\/SILVANO-2014-006.jpg 591w, https:\/\/radiowebmx.com\/nota\/wp-content\/uploads\/2014\/10\/SILVANO-2014-006-300x126.jpg 300w\" sizes=\"auto, (max-width: 591px) 100vw, 591px\" \/><\/a>Silvano Aureoles Conejo, presidente del Congreso de la Uni\u00f3n y de la Mesa Directiva de la C\u00e1mara de Diputados, convoc\u00f3 al foro La Opini\u00f3n de las y los michoacanos en el Presupuesto de Egresos 2015, dentro de un marco de apertura, pluralidad, inclusi\u00f3n y transparencia para que los ciudadanos participen en la soluci\u00f3n del problema econ\u00f3mico que enfrenta Michoac\u00e1n, una vez que ya fue aprobada la Ley de Ingresos y toda vez que la C\u00e1mara de Diputados es la \u00fanica con la facultad exclusiva para la distribuci\u00f3n de estos ingresos.<\/p>\n<p>Al hacer uso de la palabra y como anfitri\u00f3n, Silvano Aureoles recalc\u00f3 que el tema econ\u00f3mico en Michoac\u00e1n es muy importante y se\u00f1al\u00f3 que espera lograr la asignaci\u00f3n de 65 a 70 mil millones de pesos para acciones\u00a0 estrat\u00e9gicas, \u201clos temas que m\u00e1s me preocupan como lo son la salud, el campo, la educaci\u00f3n y el fortalecimiento de programas sociales\u201d.<\/p>\n<p>Se dijo convencido de que este encuentro trazar\u00e1 una ruta para resolver y enfrentar el reto que tiene el estado \u201csi escuchamos a la sociedad, a los empresarios, a los acad\u00e9micos, a los representantes de sectores sociales, de medios de comunicaci\u00f3n, de fuerzas pol\u00edticas, esta soluci\u00f3n se basar\u00e1 en la responsabilidad de anteponer a la sociedad sobre intereses personales\u201d.<\/p>\n<p>Silvano Aureoles destac\u00f3\u00a0 que Michoac\u00e1n requiere de la opini\u00f3n y participaci\u00f3n de todos en esta definici\u00f3n, \u201chay que sumar esfuerzos, se requiere la construcci\u00f3n de un gran acuerdo, para hacerle frente a los problemas que tiene el estado, que son muchos, pero aqu\u00ed nadie sobra;\u00a0 en esta necesidad de que por encima de vanidades personales, caprichos, antojos, est\u00e1 el inter\u00e9s superior de las y los michoacanos, ah\u00ed es donde debemos enfocarnos\u201d.<\/p>\n<p>A\u00f1adi\u00f3 que de este esfuerzo &#8220;se obtendr\u00e1n muy buenas conclusiones para el tema del presupuesto, yo quiero que el a\u00f1o que entra mi estado tenga un presupuesto equilibrado, bueno y sustentado, basado en la responsabilidad con la sociedad e iniciar una nueva etapa\u201d e invit\u00f3 a los ciudadanos a participar tambi\u00e9n con sus propuestas a trav\u00e9s del correo electr\u00f3nico\u00a0<a href=\"mailto:presupuesto@silvano.org.mx\" target=\"_blank\">presupuesto@silvano.org.mx<\/a>.<\/p>\n<p>Derivado de las ponencias y la participaci\u00f3n de todos los presentes, se acord\u00f3 la creaci\u00f3n de un grupo de trabajo que encabezar\u00e1 Enrique Bautista Villegas y ser\u00e1 integrado por diputados federales, diputados locales, representantes de alcaldes, empresarios, acad\u00e9micos e investigadores, que llevar\u00e1 una propuesta concreta a la Comisi\u00f3n de Presupuesto de la C\u00e1mara de Diputados del Congreso de la Uni\u00f3n con el fin de obtener recursos para proyectos estrat\u00e9gicos, abatir el d\u00e9ficit y recomendar en su caso, las medidas pertinentes para evitar los subejercicios y en el mediano plazo superar las deficiencias administrativas se\u00f1aladas en el marco de este encuentro.<\/p>\n<p>Los panelistas agradecieron la convocatoria e iniciativa del legislador para convocar a este foro, donde estuvieron presentes Jos\u00e9 Carlos Rodr\u00edguez Pueblita, secretario de administraci\u00f3n y finanzas del gobierno del estado; Juan Jos\u00e9 Jard\u00f3n Urrieta, acad\u00e9mico de la facultad de econom\u00eda de la UMSNH; Juan Pablo Arriaga Diez, director general de Autos y Camiones del Sol; Jes\u00fas Alba Aguilar, del Centro Michoacano de Evaluaci\u00f3n y David Rogelio Colmenares P\u00e1ramo, especialista en finanzas p\u00fablicas.<\/p>\n<p>Adem\u00e1s de Armando Hurtado Ar\u00e9valo, presidente de la comisi\u00f3n de presupuesto del Congreso local, Pedro Pablo Trevi\u00f1o Villareal, presidente de la comisi\u00f3n de presupuesto y cuenta p\u00fablica de la C\u00e1mara de Diputados, Jos\u00e9 \u00c1ngel Mej\u00eda Mart\u00ednez del Campo, jefe de la unidad de desempe\u00f1o de la subsecretar\u00eda de Hacienda, Iv\u00e1n Arturo P\u00e9rez Negr\u00f3n Ruiz, tesorero municipal y Enrique Bautista Villegas como moderador, adem\u00e1s de alcaldes, diputados federales, locales, representantes de sectores sociales, empresarios, investigadores y acad\u00e9micos.<\/p>\n","protected":false},"excerpt":{"rendered":"<p>Silvano Aureoles Conejo, presidente del Congreso de la Uni\u00f3n y de la Mesa Directiva de la C\u00e1mara de Diputados, convoc\u00f3 al foro La Opini\u00f3n de las y los michoacanos en el Presupuesto de Egresos 2015, <\/p>\n","protected":false},"author":1,"featured_media":10861,"comment_status":"open","ping_status":"open","sticky":false,"template":"","format":"standard","meta":{"footnotes":""},"categories":[14],"tags":[],"class_list":["post-10860","post","type-post","status-publish","format-standard","has-post-thumbnail","hentry","category-destacadas"],"_links":{"self":[{"href":"https:\/\/radiowebmx.com\/nota\/wp-json\/wp\/v2\/posts\/10860","targetHints":{"allow":["GET"]}}],"collection":[{"href":"https:\/\/radiowebmx.com\/nota\/wp-json\/wp\/v2\/posts"}],"about":[{"href":"https:\/\/radiowebmx.com\/nota\/wp-json\/wp\/v2\/types\/post"}],"author":[{"embeddable":true,"href":"https:\/\/radiowebmx.com\/nota\/wp-json\/wp\/v2\/users\/1"}],"replies":[{"embeddable":true,"href":"https:\/\/radiowebmx.com\/nota\/wp-json\/wp\/v2\/comments?post=10860"}],"version-history":[{"count":2,"href":"https:\/\/radiowebmx.com\/nota\/wp-json\/wp\/v2\/posts\/10860\/revisions"}],"predecessor-version":[{"id":10863,"href":"https:\/\/radiowebmx.com\/nota\/wp-json\/wp\/v2\/posts\/10860\/revisions\/10863"}],"wp:featuredmedia":[{"embeddable":true,"href":"https:\/\/radiowebmx.com\/nota\/wp-json\/wp\/v2\/media\/10861"}],"wp:attachment":[{"href":"https:\/\/radiowebmx.com\/nota\/wp-json\/wp\/v2\/media?parent=10860"}],"wp:term":[{"taxonomy":"category","embeddable":true,"href":"https:\/\/radiowebmx.com\/nota\/wp-json\/wp\/v2\/categories?post=10860"},{"taxonomy":"post_tag","embeddable":true,"href":"https:\/\/radiowebmx.com\/nota\/wp-json\/wp\/v2\/tags?post=10860"}],"curies":[{"name":"wp","href":"https:\/\/api.w.org\/{rel}","templated":true}]}}