{"id":1086,"date":"2013-01-31T13:18:24","date_gmt":"2013-01-31T19:18:24","guid":{"rendered":"https:\/\/radiowebmx.com\/nota\/?p=1086"},"modified":"2013-01-31T13:20:16","modified_gmt":"2013-01-31T19:20:16","slug":"estacion-de-bomberos-y-atencion-de-emergencias-en-sur-de-morelia","status":"publish","type":"post","link":"https:\/\/radiowebmx.com\/nota\/estacion-de-bomberos-y-atencion-de-emergencias-en-sur-de-morelia\/","title":{"rendered":"ESTACI\u00d3N DE BOMBEROS Y ATENCI\u00d3N DE EMERGENCIAS EN SUR DE MORELIA"},"content":{"rendered":"<p><img loading=\"lazy\" decoding=\"async\" class=\"alignnone\" src=\"http:\/\/img692.imageshack.us\/img692\/2354\/dsc0410oe.jpg\" alt=\"\" width=\"532\" height=\"800\" \/>Luego de que el\u00a0 Cabildo de Morelia aprob\u00f3 el dictamen que resuelve la propuesta de donaci\u00f3n anticipada de un terreno en los desarrollos Altozano por parte de la empresa Bosques Monarca a favor del municipio de Morelia, la Direcci\u00f3n de Protecci\u00f3n Civil avanza en el proyecto para la construcci\u00f3n de una sub estaci\u00f3n de Bomberos y atenci\u00f3n a emergencias en la zona sur de la ciudad.<\/p>\n<p>&nbsp;<\/p>\n<p>El director de Protecci\u00f3n Civil Gerardo Miranda Barrera, destac\u00f3 que tal y como lo mencion\u00f3 el presidente municipal Wilfrido L\u00e1zaro Medina,\u00a0 parte de la donaci\u00f3n que se le hizo al municipio, ser\u00e1 utilizada para la creaci\u00f3n de un centro de Protecci\u00f3n Civil, misma que podr\u00eda abarcar los mil 500 metros cuadrados de superficie.<\/p>\n<p>&nbsp;<\/p>\n<p>Derivado del acelerado crecimiento urbano en la zona sur de Morelia, adicional de la gran cantidad de habitantes concentrados en las comunidades rurales de esa regi\u00f3n, el presidente municipal comprometi\u00f3 en campa\u00f1a, dentro de su pol\u00edtica de Morelia Segura, construir dos sub estaciones de Bomberos y Protecci\u00f3n civil, a fin de agilizar el arribo de los servicios de emergencia.<\/p>\n<p>&nbsp;<\/p>\n<p>&nbsp;<\/p>\n<p>&nbsp;<\/p>\n<p>&nbsp;<\/p>\n<p>Se estima que en la zona sur del municipio habitan un promedio de 150 mil familias, adicional a los estudiantes que cursan sus estudios en centros educativos ubicados en esta parte de la ciudad y visitantes al centro comercial Altozano, donde el funcionario municipal, inform\u00f3 que tambi\u00e9n se atienden llamadas de auxilio.<\/p>\n<p>&nbsp;<\/p>\n<p>La sub estaci\u00f3n, contar\u00eda con dos bombas contra incendios y el servicio de ambulancias y ser\u00e1n atendidas por 20 especialistas, seis por en cada unos de los tres turnos diarios y dos para cubrir descansos.<\/p>\n<p>&nbsp;<\/p>\n<p>El director de Protecci\u00f3n Civil de Morelia Gerardo Miranda Barrera, inform\u00f3 que tambi\u00e9n se contempla una sub estaci\u00f3n de bomberos y protecci\u00f3n civil en la zona poniente del municipio, para lo cual, se busca un terrenos que sea patrimonio \u00a0del municipio.<\/p>\n<p>&nbsp;<\/p>\n<p>Finalmente, asegur\u00f3 que ya se cuenta con el proyecto y conf\u00eda en que habr\u00e1 Suma de Voluntades para lograr con ambas subestaciones que consider\u00f3 necesarias para atender con mayos agilidad a la poblaci\u00f3n que lo requiera.<\/p>\n<p>&nbsp;<\/p>\n<p>&nbsp;<\/p>\n","protected":false},"excerpt":{"rendered":"<p>Luego de que el  Cabildo de Morelia aprob\u00f3 el dictamen que resuelve la propuesta de donaci\u00f3n anticipada de un terreno en los desarrollos Altozano por parte de la empresa Bosques Monarca a favor del municipio de Morelia, la Direcci\u00f3n de Protecci\u00f3n Civil avanza en el proyecto para la construcci\u00f3n de una sub estaci\u00f3n de Bomberos y atenci\u00f3n a emergencias en la zona sur de la ciudad.<\/p>\n","protected":false},"author":1,"featured_media":0,"comment_status":"open","ping_status":"open","sticky":false,"template":"","format":"standard","meta":{"footnotes":""},"categories":[9],"tags":[],"class_list":["post-1086","post","type-post","status-publish","format-standard","hentry","category-morelia"],"_links":{"self":[{"href":"https:\/\/radiowebmx.com\/nota\/wp-json\/wp\/v2\/posts\/1086","targetHints":{"allow":["GET"]}}],"collection":[{"href":"https:\/\/radiowebmx.com\/nota\/wp-json\/wp\/v2\/posts"}],"about":[{"href":"https:\/\/radiowebmx.com\/nota\/wp-json\/wp\/v2\/types\/post"}],"author":[{"embeddable":true,"href":"https:\/\/radiowebmx.com\/nota\/wp-json\/wp\/v2\/users\/1"}],"replies":[{"embeddable":true,"href":"https:\/\/radiowebmx.com\/nota\/wp-json\/wp\/v2\/comments?post=1086"}],"version-history":[{"count":3,"href":"https:\/\/radiowebmx.com\/nota\/wp-json\/wp\/v2\/posts\/1086\/revisions"}],"predecessor-version":[{"id":1088,"href":"https:\/\/radiowebmx.com\/nota\/wp-json\/wp\/v2\/posts\/1086\/revisions\/1088"}],"wp:attachment":[{"href":"https:\/\/radiowebmx.com\/nota\/wp-json\/wp\/v2\/media?parent=1086"}],"wp:term":[{"taxonomy":"category","embeddable":true,"href":"https:\/\/radiowebmx.com\/nota\/wp-json\/wp\/v2\/categories?post=1086"},{"taxonomy":"post_tag","embeddable":true,"href":"https:\/\/radiowebmx.com\/nota\/wp-json\/wp\/v2\/tags?post=1086"}],"curies":[{"name":"wp","href":"https:\/\/api.w.org\/{rel}","templated":true}]}}