{"id":10853,"date":"2014-10-20T12:54:49","date_gmt":"2014-10-20T17:54:49","guid":{"rendered":"https:\/\/radiowebmx.com\/nota\/?p=10853"},"modified":"2014-10-20T12:54:49","modified_gmt":"2014-10-20T17:54:49","slug":"la-planta-elite-impulsara-la-agroindustria-michoacana","status":"publish","type":"post","link":"https:\/\/radiowebmx.com\/nota\/la-planta-elite-impulsara-la-agroindustria-michoacana\/","title":{"rendered":"LA PLANTA \u201cELITE\u201d, IMPULSAR\u00c1 LA AGROINDUSTRIA MICHOACANA"},"content":{"rendered":"<p><a href=\"https:\/\/radiowebmx.com\/nota\/wp-content\/uploads\/2014\/10\/DSC05401.jpg\"><img loading=\"lazy\" decoding=\"async\" class=\"alignleft size-full wp-image-10854\" alt=\"DSC05401\" src=\"https:\/\/radiowebmx.com\/nota\/wp-content\/uploads\/2014\/10\/DSC05401.jpg\" width=\"591\" height=\"315\" srcset=\"https:\/\/radiowebmx.com\/nota\/wp-content\/uploads\/2014\/10\/DSC05401.jpg 591w, https:\/\/radiowebmx.com\/nota\/wp-content\/uploads\/2014\/10\/DSC05401-300x159.jpg 300w\" sizes=\"auto, (max-width: 591px) 100vw, 591px\" \/><\/a>Tras una reuni\u00f3n por separado con los Presidentes de los Sistemas Producto de mango y guayaba, el delegado de la Secretar\u00eda de Agricultura, Ganader\u00eda, Desarrollo Rural, Pesca y Alimentaci\u00f3n, Pedro Luis Ben\u00edtez V\u00e9lez, asegur\u00f3 que la Planta de Aceleraci\u00f3n de Haz de Electrones (ELITE) para el desarrollo agroindustrial de Michoac\u00e1n, ser\u00e1 una realidad y permitir\u00e1 aumentar la capacidad de exportaci\u00f3n a los Estados Unidos<\/p>\n<p>&nbsp;<\/p>\n<p>El funcionario invit\u00f3 a Cornelio D\u00edaz Gutierrez del Sistema Producto Guayaba y a Xavier Ch\u00e1vez Contreras del Sistema Producto Mango a participar en una reuni\u00f3n de trabajo con autoridades federales y estatales en el Instituto Nacional de Energ\u00eda Nuclear y conocer el proyecto que en breve ser\u00e1 puesto en marcha mismo que contar\u00e1 con tecnolog\u00eda de aceleraci\u00f3n de electrones con energ\u00eda el\u00e9ctrica para cumplir con los requerimientos de sanidad e inocuidad establecidos por las autoridades americanas.<\/p>\n<p>&nbsp;<\/p>\n<p>Benitez V\u00e9lez, explic\u00f3, que para ello se tiene la proyecci\u00f3n de una Planta de Aceleraci\u00f3n de Haz de Electrones en Michoac\u00e1n, que contar\u00e1 con las certificaciones necesarias que garanticen\u00a0 la sanidad de amplio aspecto y la neutralizaci\u00f3n de plagas cuarentenarias con tecnolog\u00eda de aceleraci\u00f3n el\u00e9ctrica de 2 mil 500 grey, con una capacidad de 250 mil toneladas anuales.<\/p>\n<p>&nbsp;<\/p>\n<p>Precis\u00f3 que actualmente se tiene un potencial de exportaci\u00f3n de m\u00e1s de 22 mil hect\u00e1reas para que sean tratadas y cumplir con los requisitos que marcan las autoridades, de las cuales 13 mil son de mango de distintas variedades, 9 mil son de guayaba, 16 de lima y 7 de carambolo, que ya cuentan con certificaci\u00f3n del Servicio Nacional de Sanidad Inocuidad y Calidad Agroalimentaria (SENASICA) y de SAGARPA.<\/p>\n<p>&nbsp;<\/p>\n<p>Con la instalaci\u00f3n de esta planta en la primera fase, se estar\u00edan tratando 75 mil toneladas de la cuales 65 mil ser\u00edan de mango y 9 mil de guayaba y el resto de carambolo y lima, para el segundo a\u00f1os se tratar\u00edan m\u00e1s de 150 mil toneladas de diversos productos y en el tercer\u00a0 a\u00f1o de operaci\u00f3n se podr\u00eda legar a las 250 mil toneladas tratadas y listas para la exportaci\u00f3n lo que significar\u00eda un importante desarrollo econ\u00f3mico para los productores michoacanos.<\/p>\n<p>&nbsp;<\/p>\n<p>El delegado dijo\u00a0 que para la instalaci\u00f3n de la planta se contar\u00e1 con un acompa\u00f1amiento t\u00e9cnico y cient\u00edfico, desde los procesos de gesti\u00f3n, certificaci\u00f3n y puesta en marcha, previo acuerdo de condiciones espec\u00edficas con el Instituto Nacional de Energ\u00eda Nuclear y la empresa Fabricante en Texas, Estados Unidos.<\/p>\n<p>&nbsp;<\/p>\n<p>D\u00edaz Contreras, reconoci\u00f3 el trabajo del delegado y asegur\u00f3 que la instalaci\u00f3n de la planta beneficiar\u00e1 a los productores de guayaba del oriente y centro del estado, los cuales tendr\u00e1n mayores facilidades para mejorar la exportaci\u00f3n y con ello mejorar\u00e1 el precio en el mercado internacional y nacional.<\/p>\n<p>&nbsp;<\/p>\n<p>Se\u00f1al\u00f3 que se trabajar\u00e1 con el Instituto Nacional de Investigaciones Forestales, Agr\u00edcolas y Pecuarias (INIFAP), en lograr semillas mejoradas y con ello contar con mayor calidad en la producci\u00f3n y mejor rentabilidad.<\/p>\n<p>&nbsp;<\/p>\n<p>Por su parte el presidente del Sistema producto mango, Xavier Chavez, mencion\u00f3 que esto consolidar\u00e1 el trabajo de los productores que en coordinaci\u00f3n con la SAGARPA, el Gobierno del Estado y la Comisi\u00f3n para el Desarrollo Integral de Michoac\u00e1n, que encabeza Alfredo Castillo Cervantes, ha realizado durante los \u00faltimos meses.<\/p>\n<p>&nbsp;<\/p>\n<p>La instalaci\u00f3n de esta planta, dijo, permitir\u00e1 mejorar las condiciones de exportaci\u00f3n y con ello dar\u00e1 un impulso econ\u00f3mico al sector productivo que aunado a las acciones de seguridad que se han puesto en marcha se lograr\u00e1 el desarrollo de las diversas regiones del estado.<\/p>\n","protected":false},"excerpt":{"rendered":"<p>Tras una reuni\u00f3n por separado con los Presidentes de los Sistemas Producto de mango y guayaba, el delegado de la Secretar\u00eda de Agricultura, Ganader\u00eda, Desarrollo Rural, Pesca y Alimentaci\u00f3n, Pedro Luis Ben\u00edtez V\u00e9lez, <\/p>\n","protected":false},"author":1,"featured_media":10854,"comment_status":"open","ping_status":"open","sticky":false,"template":"","format":"standard","meta":{"footnotes":""},"categories":[14],"tags":[],"class_list":["post-10853","post","type-post","status-publish","format-standard","has-post-thumbnail","hentry","category-destacadas"],"_links":{"self":[{"href":"https:\/\/radiowebmx.com\/nota\/wp-json\/wp\/v2\/posts\/10853","targetHints":{"allow":["GET"]}}],"collection":[{"href":"https:\/\/radiowebmx.com\/nota\/wp-json\/wp\/v2\/posts"}],"about":[{"href":"https:\/\/radiowebmx.com\/nota\/wp-json\/wp\/v2\/types\/post"}],"author":[{"embeddable":true,"href":"https:\/\/radiowebmx.com\/nota\/wp-json\/wp\/v2\/users\/1"}],"replies":[{"embeddable":true,"href":"https:\/\/radiowebmx.com\/nota\/wp-json\/wp\/v2\/comments?post=10853"}],"version-history":[{"count":1,"href":"https:\/\/radiowebmx.com\/nota\/wp-json\/wp\/v2\/posts\/10853\/revisions"}],"predecessor-version":[{"id":10855,"href":"https:\/\/radiowebmx.com\/nota\/wp-json\/wp\/v2\/posts\/10853\/revisions\/10855"}],"wp:featuredmedia":[{"embeddable":true,"href":"https:\/\/radiowebmx.com\/nota\/wp-json\/wp\/v2\/media\/10854"}],"wp:attachment":[{"href":"https:\/\/radiowebmx.com\/nota\/wp-json\/wp\/v2\/media?parent=10853"}],"wp:term":[{"taxonomy":"category","embeddable":true,"href":"https:\/\/radiowebmx.com\/nota\/wp-json\/wp\/v2\/categories?post=10853"},{"taxonomy":"post_tag","embeddable":true,"href":"https:\/\/radiowebmx.com\/nota\/wp-json\/wp\/v2\/tags?post=10853"}],"curies":[{"name":"wp","href":"https:\/\/api.w.org\/{rel}","templated":true}]}}