{"id":10848,"date":"2014-10-20T11:27:39","date_gmt":"2014-10-20T16:27:39","guid":{"rendered":"https:\/\/radiowebmx.com\/nota\/?p=10848"},"modified":"2014-10-20T11:27:39","modified_gmt":"2014-10-20T16:27:39","slug":"panaderos-de-la-entidad-reconocen-a-wlm-por-su-impulso-a-la-feria-estatal-del-pan-tradicional","status":"publish","type":"post","link":"https:\/\/radiowebmx.com\/nota\/panaderos-de-la-entidad-reconocen-a-wlm-por-su-impulso-a-la-feria-estatal-del-pan-tradicional\/","title":{"rendered":"PANADEROS DE LA ENTIDAD RECONOCEN A WLM  POR SU IMPULSO A LA FERIA  ESTATAL DEL PAN TRADICIONAL"},"content":{"rendered":"<p><a href=\"https:\/\/radiowebmx.com\/nota\/wp-content\/uploads\/2014\/10\/PANADEROS-MENSAJE-WILI.jpg\"><img loading=\"lazy\" decoding=\"async\" class=\"alignleft size-full wp-image-10849\" alt=\"PANADEROS MENSAJE WILI\" src=\"https:\/\/radiowebmx.com\/nota\/wp-content\/uploads\/2014\/10\/PANADEROS-MENSAJE-WILI.jpg\" width=\"591\" height=\"310\" srcset=\"https:\/\/radiowebmx.com\/nota\/wp-content\/uploads\/2014\/10\/PANADEROS-MENSAJE-WILI.jpg 591w, https:\/\/radiowebmx.com\/nota\/wp-content\/uploads\/2014\/10\/PANADEROS-MENSAJE-WILI-300x157.jpg 300w\" sizes=\"auto, (max-width: 591px) 100vw, 591px\" \/><\/a>En el marco de la\u00a0inauguraci\u00f3n de la edici\u00f3n XIII de la Feria \u00a0Estatal del Pan Tradicional, donde a partir de este d\u00eda y hasta el domingo 19 se podr\u00e1 disfrutar de los sabores t\u00edpicos\u00a0de la entidad, el delgado de la Canainpa, Jos\u00e9 Cruz Guti\u00e9rrez, entreg\u00f3 un reconocimiento al Presidente Wilfrido L\u00e1zaro Medina por su invaluable apoyo a esta industria de la que dependen miles de familias en el estado.<\/p>\n<p>Gracias a la suma de voluntades de los panaderos michoacanos,\u00a0del Ayuntamiento moreliano y de autoridades del gobierno estatal, en esta edici\u00f3n, un total de 55 empresas de Morelia, Zinapecuaro, Ciudad Hidalgo, Tinguind\u00edn, P\u00e1tzcuaro y Quer\u00e9ndaro, entre otros municipios, pueden promover entre la poblaci\u00f3n \u00a0el consumo del pan tradicional michoacano.<\/p>\n<p>Al dar la bienvenida a los panaderos de la entidad, L\u00e1zaro Medina resalt\u00f3 que con esta actividad y en coordinaci\u00f3n con los integrantes de la C\u00e1mara Nacional de la Industria Panificadora (Canainpa),\u00a0\u00a0se logra por un lado respaldar el trabajo y hacer un reconocimiento a\u00a0\u00a0\u00a0todas aquellas familias que\u00a0\u00a0demuestran que con tenacidad es como se puede lograr impulsar los productos que elaboran.<\/p>\n<p>Tras mencionar que la industria panificadora est\u00e1 presente en la vida cotidiana de las familias michoacanas; el edil moreliano asegur\u00f3 que \u201ces muy satisfactorio que muchos municipios se encuentren presentes en la capital michoacana, d\u00e1ndole vida a esta plaza, en este es el camino para desarrollarnos m\u00e1s\u201d. Adem\u00e1s, afirm\u00f3 que esta Feria es una muestra de la riqueza que existe en la entidad.<\/p>\n<p>\u201cEs una muestra peque\u00f1a, que en el estado de Michoac\u00e1n hay una diversidad enorme, y la autoridad seguir\u00e1 apoyando esta bella tradici\u00f3n\u201d asegur\u00f3.<\/p>\n<p>La Feria se desarrolla en la plaza Valladolid, mejor conocida como San Francisco e incluye la presentaci\u00f3n de artistas de la localidad y los concursos de pan\u00a0y de la torta gigante.<\/p>\n<p>Se puede encontrar una gran variedad de panes, entre ellos el pan\u00a0de Zinapecuaro, empanadas de chilacayote y agu\u00e1catas de Tinguindin, Quesadillas de Santa Ana Maya, adem\u00e1s de la participaci\u00f3n de los municipios de Quer\u00e9ndaro, Ciudad Hidalgo, Zit\u00e1cuaro, P\u00e1tzcuaro, Zinapecuaro y Morelia con sus tradicionales panader\u00edas de abolengo.<\/p>\n<p>El Mejor PAN del Municipio de Quer\u00e9ndaro Panader\u00eda S\u00e1nchez atendida por toda la Familia S\u00e1nchez.<\/p>\n","protected":false},"excerpt":{"rendered":"<p>En el marco de la inauguraci\u00f3n de la edici\u00f3n XIII de la Feria  Estatal del Pan Tradicional, donde a partir de este d\u00eda y hasta el domingo 19 se podr\u00e1 disfrutar de los sabores t\u00edpicos de la entidad, el delgado de la Canainpa, Jos\u00e9 Cruz Guti\u00e9rrez,<\/p>\n","protected":false},"author":1,"featured_media":10849,"comment_status":"open","ping_status":"open","sticky":false,"template":"","format":"standard","meta":{"footnotes":""},"categories":[14,9],"tags":[],"class_list":["post-10848","post","type-post","status-publish","format-standard","has-post-thumbnail","hentry","category-destacadas","category-morelia"],"_links":{"self":[{"href":"https:\/\/radiowebmx.com\/nota\/wp-json\/wp\/v2\/posts\/10848","targetHints":{"allow":["GET"]}}],"collection":[{"href":"https:\/\/radiowebmx.com\/nota\/wp-json\/wp\/v2\/posts"}],"about":[{"href":"https:\/\/radiowebmx.com\/nota\/wp-json\/wp\/v2\/types\/post"}],"author":[{"embeddable":true,"href":"https:\/\/radiowebmx.com\/nota\/wp-json\/wp\/v2\/users\/1"}],"replies":[{"embeddable":true,"href":"https:\/\/radiowebmx.com\/nota\/wp-json\/wp\/v2\/comments?post=10848"}],"version-history":[{"count":2,"href":"https:\/\/radiowebmx.com\/nota\/wp-json\/wp\/v2\/posts\/10848\/revisions"}],"predecessor-version":[{"id":10852,"href":"https:\/\/radiowebmx.com\/nota\/wp-json\/wp\/v2\/posts\/10848\/revisions\/10852"}],"wp:featuredmedia":[{"embeddable":true,"href":"https:\/\/radiowebmx.com\/nota\/wp-json\/wp\/v2\/media\/10849"}],"wp:attachment":[{"href":"https:\/\/radiowebmx.com\/nota\/wp-json\/wp\/v2\/media?parent=10848"}],"wp:term":[{"taxonomy":"category","embeddable":true,"href":"https:\/\/radiowebmx.com\/nota\/wp-json\/wp\/v2\/categories?post=10848"},{"taxonomy":"post_tag","embeddable":true,"href":"https:\/\/radiowebmx.com\/nota\/wp-json\/wp\/v2\/tags?post=10848"}],"curies":[{"name":"wp","href":"https:\/\/api.w.org\/{rel}","templated":true}]}}