{"id":10841,"date":"2014-10-17T15:25:08","date_gmt":"2014-10-17T20:25:08","guid":{"rendered":"https:\/\/radiowebmx.com\/nota\/?p=10841"},"modified":"2014-10-17T15:25:08","modified_gmt":"2014-10-17T20:25:08","slug":"habitantes-de-morelia-anfitriones-del-mundial-de-natacion-garcia-meza","status":"publish","type":"post","link":"https:\/\/radiowebmx.com\/nota\/habitantes-de-morelia-anfitriones-del-mundial-de-natacion-garcia-meza\/","title":{"rendered":"HABITANTES DE MORELIA, ANFITRIONES DEL MUNDIAL DE NATACI\u00d3N: GARC\u00cdA MEZA"},"content":{"rendered":"<p><a href=\"https:\/\/radiowebmx.com\/nota\/wp-content\/uploads\/2014\/10\/REUNI\u00d3N-ENCARGADOS-DEL-ORDEN.jpg\"><img loading=\"lazy\" decoding=\"async\" class=\"alignleft size-full wp-image-10842\" alt=\"REUNI\u00d3N ENCARGADOS DEL ORDEN\" src=\"https:\/\/radiowebmx.com\/nota\/wp-content\/uploads\/2014\/10\/REUNI\u00d3N-ENCARGADOS-DEL-ORDEN.jpg\" width=\"591\" height=\"280\" srcset=\"https:\/\/radiowebmx.com\/nota\/wp-content\/uploads\/2014\/10\/REUNI\u00d3N-ENCARGADOS-DEL-ORDEN.jpg 591w, https:\/\/radiowebmx.com\/nota\/wp-content\/uploads\/2014\/10\/REUNI\u00d3N-ENCARGADOS-DEL-ORDEN-300x142.jpg 300w\" sizes=\"auto, (max-width: 591px) 100vw, 591px\" \/><\/a><\/p>\n<p>En la organizaci\u00f3n y desarrollo del S\u00e9ptimo Campeonato Mundial de Nataci\u00f3n para Personas con S\u00edndrome de Down, \u201ctodos los morelianos somos anfitriones\u201d, se\u00f1al\u00f3 el director del Instituto Municipal de Cultura F\u00edsica y Deporte (IMDE), Miguel \u00c1ngel Garc\u00eda Meza.<\/p>\n<p>En cumplimiento a la instrucci\u00f3n del alcalde Wilfrido L\u00e1zaro Medina, se realiz\u00f3 una reuni\u00f3n de informaci\u00f3n con los encargados del orden de las colonias aleda\u00f1as a la Unidad Deportiva \u201cIndeco-Morelos\u201d, quienes\u00a0\u00a0son part\u00edcipes de la organizaci\u00f3n y desarrollo de la competici\u00f3n.<\/p>\n<p>La reuni\u00f3n fue presidida por el director Garc\u00eda Meza, funcionario que junto a su equipo de trabajo, present\u00f3 a las autoridades auxiliares los detalles t\u00e9cnicos de lo que ser\u00e1 esta fiesta deportiva.<\/p>\n<p>Al respecto, los encargados del orden coincidieron en la importancia de involucrarse en estas acciones, porque se\u00f1alaron que ser sede de un acontecimiento de esta magnitud y con invitados de lujo, significa un honor.<\/p>\n<p>De la misma manera, se\u00f1alaron que como representantes de las colonias aleda\u00f1as a esta unidad deportiva, cuentan con toda la disposici\u00f3n de apoyar en cada una de las actividades que tengan que ver con la organizaci\u00f3n y realizaci\u00f3n de tan importante acontecimiento.<\/p>\n","protected":false},"excerpt":{"rendered":"<p>En la organizaci\u00f3n y desarrollo del S\u00e9ptimo Campeonato Mundial de Nataci\u00f3n para Personas con S\u00edndrome de Down, \u201ctodos los morelianos somos anfitriones\u201d, se\u00f1al\u00f3 el director del Instituto Municipal de Cultura F\u00edsica y Deporte (IMDE), Miguel \u00c1ngel Garc\u00eda Meza.<\/p>\n","protected":false},"author":1,"featured_media":10842,"comment_status":"open","ping_status":"open","sticky":false,"template":"","format":"standard","meta":{"footnotes":""},"categories":[14,9],"tags":[],"class_list":["post-10841","post","type-post","status-publish","format-standard","has-post-thumbnail","hentry","category-destacadas","category-morelia"],"_links":{"self":[{"href":"https:\/\/radiowebmx.com\/nota\/wp-json\/wp\/v2\/posts\/10841","targetHints":{"allow":["GET"]}}],"collection":[{"href":"https:\/\/radiowebmx.com\/nota\/wp-json\/wp\/v2\/posts"}],"about":[{"href":"https:\/\/radiowebmx.com\/nota\/wp-json\/wp\/v2\/types\/post"}],"author":[{"embeddable":true,"href":"https:\/\/radiowebmx.com\/nota\/wp-json\/wp\/v2\/users\/1"}],"replies":[{"embeddable":true,"href":"https:\/\/radiowebmx.com\/nota\/wp-json\/wp\/v2\/comments?post=10841"}],"version-history":[{"count":1,"href":"https:\/\/radiowebmx.com\/nota\/wp-json\/wp\/v2\/posts\/10841\/revisions"}],"predecessor-version":[{"id":10843,"href":"https:\/\/radiowebmx.com\/nota\/wp-json\/wp\/v2\/posts\/10841\/revisions\/10843"}],"wp:featuredmedia":[{"embeddable":true,"href":"https:\/\/radiowebmx.com\/nota\/wp-json\/wp\/v2\/media\/10842"}],"wp:attachment":[{"href":"https:\/\/radiowebmx.com\/nota\/wp-json\/wp\/v2\/media?parent=10841"}],"wp:term":[{"taxonomy":"category","embeddable":true,"href":"https:\/\/radiowebmx.com\/nota\/wp-json\/wp\/v2\/categories?post=10841"},{"taxonomy":"post_tag","embeddable":true,"href":"https:\/\/radiowebmx.com\/nota\/wp-json\/wp\/v2\/tags?post=10841"}],"curies":[{"name":"wp","href":"https:\/\/api.w.org\/{rel}","templated":true}]}}