{"id":1084,"date":"2013-01-31T13:15:11","date_gmt":"2013-01-31T19:15:11","guid":{"rendered":"https:\/\/radiowebmx.com\/nota\/?p=1084"},"modified":"2013-01-31T13:15:11","modified_gmt":"2013-01-31T19:15:11","slug":"ijum-icatmi-suman-voluntades-y-ofreceran-cursos-accesibles-a-los-jovenes-morelianos","status":"publish","type":"post","link":"https:\/\/radiowebmx.com\/nota\/ijum-icatmi-suman-voluntades-y-ofreceran-cursos-accesibles-a-los-jovenes-morelianos\/","title":{"rendered":"IJUM \u2013 ICATMI SUMAN VOLUNTADES Y OFRECER\u00c1N CURSOS ACCESIBLES A LOS JOVENES MORELIANOS"},"content":{"rendered":"<p><img loading=\"lazy\" decoding=\"async\" class=\"alignnone\" src=\"http:\/\/img6.imageshack.us\/img6\/5364\/dsc0322zv.jpg\" alt=\"\" width=\"591\" height=\"657\" \/>Comprometidos con la juventud del municipio, Ayuntamiento de Morelia a trav\u00e9s del Instituto de Juventud Moreliana Suma Voluntades con el Instituto de Capacitaci\u00f3n para el Trabajo del Estado de Michoac\u00e1n ICATMI y ofrecer\u00e1n a partir del 5 de febrero cursos con temas de importancia para los adolecentes.<strong>\u00a0<\/strong><\/p>\n<p>El director del Instituto de la Juventud Moreliana Pablo Cesar S\u00e1nchez Silva destac\u00f3 que estos talleres tienen el objetivo de fomentar la superaci\u00f3n personal de los j\u00f3venes para promover su desarrollo integral, impulsando de manera decidida elementos que faciliten su inserci\u00f3n positiva en la sociedad.<\/p>\n<p>Abund\u00f3 que el compromiso, es ofrecer a la juventud, actividades recreativas y de aprendizaje en las que vean una alternativa para avanzar en su desarrollo educativo fuera de las aulas, e incluso opciones para iniciar actividades productivas y de autoempleo para lograr ingresos econ\u00f3micos.<\/p>\n<p>En un Morelia con Buen Gobierno, el fortalecimiento al desarrollo humano, particularmente a la juventud, permitir\u00e1 mejorar las condiciones de vida y su bienestar, evitando con ello toda posibilidad de ingresar a actividades il\u00edcitas que da\u00f1en su integridad y la de la sociedad en su entorno.<\/p>\n<p>Los cursos dar\u00e1n inicio el 5 de Febrero y los horarios para las inscripciones son de\u00a0 9 a las 14 horas en las instalaciones del IJUM,\u00a0 ubicadas en Av. Periodismo s\/n Col. Nueva Valladolid (Antigua estaci\u00f3n del ferrocarril).<\/p>\n<p>&nbsp;<\/p>\n<p><strong>Los cursos que se ofrecen son: <\/strong><\/p>\n<p><strong>Computaci\u00f3n e ingl\u00e9s modalidad Bi-funcional<\/strong><br \/>\nDe lunes a viernes con 1 a\u00f1o de duraci\u00f3n<br \/>\nHorario: 8:00 a 12:00 horas<br \/>\nCosto de inscripci\u00f3n: $200<br \/>\nMensualidad: $100<\/p>\n<p><strong>Windows e internet<\/strong><br \/>\nDe lunes a viernes con 3 meses de duraci\u00f3n<br \/>\nHorario: 12:00 a 14:00 horas.<br \/>\nCosto de inscripci\u00f3n: $200<\/p>\n<p>Mensualidad: $100<\/p>\n<p>&nbsp;<\/p>\n<p><strong>Preparaci\u00f3n de bebidas<\/strong><br \/>\nD\u00edas lunes con 3 meses de duraci\u00f3n<br \/>\nHorario: 16:00 a 20:00 horas<br \/>\nCosto de inscripci\u00f3n: $200<\/p>\n<p>Mensualidad: $100<\/p>\n<p>&nbsp;<\/p>\n<p><strong>Mantenimiento de equipo de c\u00f3mputo<\/strong><br \/>\nD\u00edas viernes con 3 meses de duraci\u00f3n<br \/>\nHorario: 13:00 a 20:00 horas<br \/>\nCosto de inscripci\u00f3n: $200<\/p>\n<p>Mensualidad: $100<\/p>\n<p>&nbsp;<\/p>\n<p><strong>Manualidades<\/strong><br \/>\nDe lunes a viernes con 3 meses de duraci\u00f3n<br \/>\nHorario: 10:00 a 12:00 horas<br \/>\nCosto de inscripci\u00f3n: $200<\/p>\n<p>Mensualidad: $100<\/p>\n<p>&nbsp;<\/p>\n","protected":false},"excerpt":{"rendered":"<p>Comprometidos con la juventud del municipio, Ayuntamiento de Morelia a trav\u00e9s del Instituto de Juventud Moreliana Suma Voluntades con el Instituto de Capacitaci\u00f3n para el Trabajo del Estado de Michoac\u00e1n ICATMI y ofrecer\u00e1n a partir del 5 de febrero cursos con temas de importancia para los adolecentes. <\/p>\n","protected":false},"author":1,"featured_media":0,"comment_status":"open","ping_status":"open","sticky":false,"template":"","format":"standard","meta":{"footnotes":""},"categories":[9],"tags":[],"class_list":["post-1084","post","type-post","status-publish","format-standard","hentry","category-morelia"],"_links":{"self":[{"href":"https:\/\/radiowebmx.com\/nota\/wp-json\/wp\/v2\/posts\/1084","targetHints":{"allow":["GET"]}}],"collection":[{"href":"https:\/\/radiowebmx.com\/nota\/wp-json\/wp\/v2\/posts"}],"about":[{"href":"https:\/\/radiowebmx.com\/nota\/wp-json\/wp\/v2\/types\/post"}],"author":[{"embeddable":true,"href":"https:\/\/radiowebmx.com\/nota\/wp-json\/wp\/v2\/users\/1"}],"replies":[{"embeddable":true,"href":"https:\/\/radiowebmx.com\/nota\/wp-json\/wp\/v2\/comments?post=1084"}],"version-history":[{"count":1,"href":"https:\/\/radiowebmx.com\/nota\/wp-json\/wp\/v2\/posts\/1084\/revisions"}],"predecessor-version":[{"id":1085,"href":"https:\/\/radiowebmx.com\/nota\/wp-json\/wp\/v2\/posts\/1084\/revisions\/1085"}],"wp:attachment":[{"href":"https:\/\/radiowebmx.com\/nota\/wp-json\/wp\/v2\/media?parent=1084"}],"wp:term":[{"taxonomy":"category","embeddable":true,"href":"https:\/\/radiowebmx.com\/nota\/wp-json\/wp\/v2\/categories?post=1084"},{"taxonomy":"post_tag","embeddable":true,"href":"https:\/\/radiowebmx.com\/nota\/wp-json\/wp\/v2\/tags?post=1084"}],"curies":[{"name":"wp","href":"https:\/\/api.w.org\/{rel}","templated":true}]}}