{"id":10835,"date":"2014-10-17T13:15:51","date_gmt":"2014-10-17T18:15:51","guid":{"rendered":"https:\/\/radiowebmx.com\/nota\/?p=10835"},"modified":"2014-10-17T13:15:51","modified_gmt":"2014-10-17T18:15:51","slug":"emmanuel-y-mijares-se-presentaron-con-exito-en-el-palacio-del-arte","status":"publish","type":"post","link":"https:\/\/radiowebmx.com\/nota\/emmanuel-y-mijares-se-presentaron-con-exito-en-el-palacio-del-arte\/","title":{"rendered":"EMMANUEL Y MIJARES SE PRESENTARON CON \u00c9XITO EN EL PALACIO DEL ARTE"},"content":{"rendered":"<p>El Presidente Wilfrido L\u00e1zaro Medina y su esposa Maggy Oribio de L\u00e1zaro, presenciaron esta noche el concierto que presentaron en Morelia los cantantes Emmanuel y Mijares como parte de su gira \u201cTwo\u00b4r amigos\u201d, que se realiz\u00f3 en la capital michoacana en coordinaci\u00f3n con el DIF Morelia, ya que parte de los recaudado en este espect\u00e1culo ser\u00e1 otorgado a la instituci\u00f3n para beneficio de los ni\u00f1os del municipio.<\/p>\n<p>&nbsp;<\/p>\n<p>La noche de este jueves en el Palacio del Arte de Morelia el p\u00fablico ovacion\u00f3 de pie a los cantantes, quienes agradecieron a sus seguidores.<\/p>\n<p>&nbsp;<\/p>\n<p>Tras apagarse las luces y al comp\u00e1s de los aplausos que el p\u00fablico euf\u00f3rico ofrec\u00eda a sus \u00eddolos y tras una breve introducci\u00f3n, Emmanuel y Mijares salieron al escenario para darle la bienvenida a sus fans con el \u00e9xito\u00a0 Bella Se\u00f1ora.<\/p>\n<p>&nbsp;<\/p>\n<p>Hace m\u00e1s de un a\u00f1o que ambos artistas comenzaron la gira \u201cTwo\u00b4r amigos\u201d, con la cual han logrado complacer a su p\u00fablico no s\u00f3lo de la Ciudad de M\u00e9xico, sino de otras plazas como Guadalajara, Monterrey, San Luis Potos\u00ed, Puebla, Aguascalientes y ahora Morelia.<\/p>\n<p>&nbsp;<\/p>\n<p>Durante las dos horas y media que tuvo de duraci\u00f3n su concierto, no pudieron faltar temas como \u201cNo se muri\u00f3 el amor\u201d, \u201cQue nada nos separe\u201d, \u201cMe acorde de ti\u201d, \u201cSiempre\u201d , \u201cRey Azul\u201d, \u201cBa\u00f1o de Mujeres\u201d, \u201cCoraz\u00f3n de melao\u201d, \u201cTu y Yo\u201d, \u201cAl Final\u201d y \u201cPobre Diablo\u201d, entre muchos otros de sus \u00e9xitos.<\/p>\n<p>&nbsp;<\/p>\n<p>Para concluir su espect\u00e1culo el dueto eligi\u00f3 \u201cEl Rey de la Noche\u201d, \u201cPara amarnos m\u00e1s\u201d, \u201cEl Privilegio de Amar\u201d, \u201cUno entre Mil\u201d, \u201cLa Chica de Humo\u201d, \u201cSentirme Vivo\u201d, \u201cLa \u00daltima Luna\u201d y \u201cToda la Vida\u201d.<\/p>\n","protected":false},"excerpt":{"rendered":"<p>El Presidente Wilfrido L\u00e1zaro Medina y su esposa Maggy Oribio de L\u00e1zaro, presenciaron esta noche el concierto que presentaron en Morelia los cantantes Emmanuel y Mijares como parte de su gira \u201cTwo\u00b4r amigos\u201d,<\/p>\n","protected":false},"author":1,"featured_media":10836,"comment_status":"open","ping_status":"open","sticky":false,"template":"","format":"standard","meta":{"footnotes":""},"categories":[14,9],"tags":[],"class_list":["post-10835","post","type-post","status-publish","format-standard","has-post-thumbnail","hentry","category-destacadas","category-morelia"],"_links":{"self":[{"href":"https:\/\/radiowebmx.com\/nota\/wp-json\/wp\/v2\/posts\/10835","targetHints":{"allow":["GET"]}}],"collection":[{"href":"https:\/\/radiowebmx.com\/nota\/wp-json\/wp\/v2\/posts"}],"about":[{"href":"https:\/\/radiowebmx.com\/nota\/wp-json\/wp\/v2\/types\/post"}],"author":[{"embeddable":true,"href":"https:\/\/radiowebmx.com\/nota\/wp-json\/wp\/v2\/users\/1"}],"replies":[{"embeddable":true,"href":"https:\/\/radiowebmx.com\/nota\/wp-json\/wp\/v2\/comments?post=10835"}],"version-history":[{"count":1,"href":"https:\/\/radiowebmx.com\/nota\/wp-json\/wp\/v2\/posts\/10835\/revisions"}],"predecessor-version":[{"id":10837,"href":"https:\/\/radiowebmx.com\/nota\/wp-json\/wp\/v2\/posts\/10835\/revisions\/10837"}],"wp:featuredmedia":[{"embeddable":true,"href":"https:\/\/radiowebmx.com\/nota\/wp-json\/wp\/v2\/media\/10836"}],"wp:attachment":[{"href":"https:\/\/radiowebmx.com\/nota\/wp-json\/wp\/v2\/media?parent=10835"}],"wp:term":[{"taxonomy":"category","embeddable":true,"href":"https:\/\/radiowebmx.com\/nota\/wp-json\/wp\/v2\/categories?post=10835"},{"taxonomy":"post_tag","embeddable":true,"href":"https:\/\/radiowebmx.com\/nota\/wp-json\/wp\/v2\/tags?post=10835"}],"curies":[{"name":"wp","href":"https:\/\/api.w.org\/{rel}","templated":true}]}}