{"id":10769,"date":"2014-10-16T13:48:44","date_gmt":"2014-10-16T18:48:44","guid":{"rendered":"https:\/\/radiowebmx.com\/nota\/?p=10769"},"modified":"2014-10-16T13:48:57","modified_gmt":"2014-10-16T18:48:57","slug":"realizan-segunda-jornada-de-redes-por-el-empleo-para-buscadores-morelianos","status":"publish","type":"post","link":"https:\/\/radiowebmx.com\/nota\/realizan-segunda-jornada-de-redes-por-el-empleo-para-buscadores-morelianos\/","title":{"rendered":"REALIZAN SEGUNDA JORNADA DE REDES POR EL EMPLEO PARA BUSCADORES MORELIANOS"},"content":{"rendered":"<p><a href=\"https:\/\/radiowebmx.com\/nota\/wp-content\/uploads\/2014\/10\/empleo-1.jpg\"><img loading=\"lazy\" decoding=\"async\" class=\"alignleft size-full wp-image-10770\" alt=\"empleo (1)\" src=\"https:\/\/radiowebmx.com\/nota\/wp-content\/uploads\/2014\/10\/empleo-1.jpg\" width=\"591\" height=\"345\" srcset=\"https:\/\/radiowebmx.com\/nota\/wp-content\/uploads\/2014\/10\/empleo-1.jpg 591w, https:\/\/radiowebmx.com\/nota\/wp-content\/uploads\/2014\/10\/empleo-1-300x175.jpg 300w\" sizes=\"auto, (max-width: 591px) 100vw, 591px\" \/><\/a>\u00a0En apoyo a los morelianos que buscan un empleo o que quieren aumentar los ingresos con una segunda actividad, el Ayuntamiento de Morelia que lidera el presidente Wilfrido L\u00e1zaro Medina conjunt\u00f3 a empresas privadas para ofrecer vacantes en la Segunda Jornada de Redes por el Empleo.<\/p>\n<p>&nbsp;<\/p>\n<p>Con una oferta de mil vacantes, la Secretar\u00eda de Fomento Econ\u00f3mico ocup\u00f3 la sede del Palacio Municipal para acercar oportunidades\u00a0 reales y remuneradas a los buscadores de empleo.<\/p>\n<p>&nbsp;<\/p>\n<p>El presidente municipal, Wilfrido L\u00e1zaro Medina, exhort\u00f3 a los morelianos que quieren conseguir una oportunidad laboral a no desanimarse y los invit\u00f3 a acercarse a las instituciones federales, del estado y del municipio para conocer la gama de programas de apoyo a la productividad tales como: capacitaci\u00f3n, financiamiento para el autoempleo o certificaci\u00f3n oficial a quienes ofrecen alg\u00fan oficio.<\/p>\n<p>&nbsp;<\/p>\n<p>Desde el inicio de la actual administraci\u00f3n se ha trabajado en la b\u00fasqueda y coordinaci\u00f3n con las empresas para coadyuvar en la generaci\u00f3n de empleo en beneficio de los morelianos.<\/p>\n<p>&nbsp;<\/p>\n<p>Para ello, adem\u00e1s de las Jornadas de Redes por el Empleo 2014, el gobierno municipal ha emprendido acciones como la Bolsa de Trabajo atendiendo en lo que va del presente a\u00f1o a 8 mil 300 buscadores de empleo, de los cuales el 40 por ciento han sido canalizados a diversas empresas para su posible contrataci\u00f3n.<\/p>\n<p>&nbsp;<\/p>\n<p>De la misma forma, mediante el sitio web\u00a0<a href=\"http:\/\/www.redesporelempleo.com\/\" target=\"_blank\">www.redesporelempleo.com<\/a>\u00a0dise\u00f1ado para vincular a las empresas con necesidades espec\u00edficas de capital humano con buscadores de trabajo, se cuenta actualmente con 562 establecimientos comerciales. Hasta el momento, el portal ha registrado m\u00e1s de 400 mil visitas.<\/p>\n<p>&nbsp;<\/p>\n<p>A la inauguraci\u00f3n de la Segunda Jornada de Redes por el Empleo, asisti\u00f3 el sub secretario de Promoci\u00f3n y Atracci\u00f3n de Inversi\u00f3n de la Secretar\u00eda de Desarrollo Econ\u00f3mico, Hugo Javier Chagoll\u00e1n P\u00e9rez, quien, en nombre del gobierno de Michoac\u00e1n, extern\u00f3 su reconocimiento al Ayuntamiento de Morelia, que preside Wilfrido L\u00e1zaro Medina, por aterrizar acciones a favor del empleo.<\/p>\n<p>&nbsp;<\/p>\n<p>De manera similar, el director de la Canaco Morelia, Agust\u00edn Rebollar Cruz, tom\u00f3 la palabra e inform\u00f3 la Suma de Voluntades y coordinaci\u00f3n lograda con el Ayuntamiento de Morelia para coordinar m\u00e1s y mejores sistemas de capacitaci\u00f3n para el trabajo, donde empleados y due\u00f1os de micro y medianas empresas han obtenido herramientas y conocimientos efectivos para hacer m\u00e1s exitoso su trabajo.<\/p>\n<p>&nbsp;<\/p>\n<p>Asimismo, el titular de la Secretar\u00eda de Fomento Econ\u00f3mico, Luis Navarro Garc\u00eda, pronunci\u00f3 unas palabras de agradecimiento a las empresas participantes en esta jornada por el empleo y alent\u00f3 a los ciudadanos asistentes a seguir participando en esta labor de enlace entre el sector privado y la ciudadan\u00eda en pro del desarrollo de nuestra ciudad.<\/p>\n","protected":false},"excerpt":{"rendered":"<p> En apoyo a los morelianos que buscan un empleo o que quieren aumentar los ingresos con una segunda actividad, el Ayuntamiento de Morelia que lidera el presidente Wilfrido L\u00e1zaro Medina conjunt\u00f3 a empresas privadas para ofrecer vacantes en la Segunda Jornada de Redes por el Empleo.<\/p>\n","protected":false},"author":1,"featured_media":10770,"comment_status":"open","ping_status":"open","sticky":false,"template":"","format":"standard","meta":{"footnotes":""},"categories":[14,9],"tags":[],"class_list":["post-10769","post","type-post","status-publish","format-standard","has-post-thumbnail","hentry","category-destacadas","category-morelia"],"_links":{"self":[{"href":"https:\/\/radiowebmx.com\/nota\/wp-json\/wp\/v2\/posts\/10769","targetHints":{"allow":["GET"]}}],"collection":[{"href":"https:\/\/radiowebmx.com\/nota\/wp-json\/wp\/v2\/posts"}],"about":[{"href":"https:\/\/radiowebmx.com\/nota\/wp-json\/wp\/v2\/types\/post"}],"author":[{"embeddable":true,"href":"https:\/\/radiowebmx.com\/nota\/wp-json\/wp\/v2\/users\/1"}],"replies":[{"embeddable":true,"href":"https:\/\/radiowebmx.com\/nota\/wp-json\/wp\/v2\/comments?post=10769"}],"version-history":[{"count":2,"href":"https:\/\/radiowebmx.com\/nota\/wp-json\/wp\/v2\/posts\/10769\/revisions"}],"predecessor-version":[{"id":10772,"href":"https:\/\/radiowebmx.com\/nota\/wp-json\/wp\/v2\/posts\/10769\/revisions\/10772"}],"wp:featuredmedia":[{"embeddable":true,"href":"https:\/\/radiowebmx.com\/nota\/wp-json\/wp\/v2\/media\/10770"}],"wp:attachment":[{"href":"https:\/\/radiowebmx.com\/nota\/wp-json\/wp\/v2\/media?parent=10769"}],"wp:term":[{"taxonomy":"category","embeddable":true,"href":"https:\/\/radiowebmx.com\/nota\/wp-json\/wp\/v2\/categories?post=10769"},{"taxonomy":"post_tag","embeddable":true,"href":"https:\/\/radiowebmx.com\/nota\/wp-json\/wp\/v2\/tags?post=10769"}],"curies":[{"name":"wp","href":"https:\/\/api.w.org\/{rel}","templated":true}]}}