{"id":10766,"date":"2014-10-16T13:46:30","date_gmt":"2014-10-16T18:46:30","guid":{"rendered":"https:\/\/radiowebmx.com\/nota\/?p=10766"},"modified":"2014-10-16T13:46:30","modified_gmt":"2014-10-16T18:46:30","slug":"acuerdan-salvador-jara-guerrero-y-legisladores-federales-del-pri-impulsar-proyectos-de-desarrollo-para-michoacan","status":"publish","type":"post","link":"https:\/\/radiowebmx.com\/nota\/acuerdan-salvador-jara-guerrero-y-legisladores-federales-del-pri-impulsar-proyectos-de-desarrollo-para-michoacan\/","title":{"rendered":"ACUERDAN SALVADOR JARA GUERRERO Y LEGISLADORES FEDERALES DEL PRI IMPULSAR PROYECTOS DE DESARROLLO PARA MICHOAC\u00c1N"},"content":{"rendered":"<p><a href=\"https:\/\/radiowebmx.com\/nota\/wp-content\/uploads\/2014\/10\/DSC_1367.jpg\"><img loading=\"lazy\" decoding=\"async\" class=\"alignleft size-full wp-image-10767\" alt=\"DSC_1367\" src=\"https:\/\/radiowebmx.com\/nota\/wp-content\/uploads\/2014\/10\/DSC_1367.jpg\" width=\"591\" height=\"325\" srcset=\"https:\/\/radiowebmx.com\/nota\/wp-content\/uploads\/2014\/10\/DSC_1367.jpg 591w, https:\/\/radiowebmx.com\/nota\/wp-content\/uploads\/2014\/10\/DSC_1367-300x164.jpg 300w\" sizes=\"auto, (max-width: 591px) 100vw, 591px\" \/><\/a>Como parte de sus actividades en la capital del pa\u00eds, el gobernador Salvador Jara Guerrero, se reuni\u00f3 con los diputados federales de la fracci\u00f3n parlamentaria del Partido Revolucionario Institucional (PRI) en el Congreso de la Uni\u00f3n, a quienes present\u00f3 algunos de los proyectos prioritarios que tiene en su agenda para Michoac\u00e1n, con el objetivo de que puedan ser considerados en el marco de la discusi\u00f3n de presupuesto para el a\u00f1o 2015.<\/p>\n<p>\u201cAgradezco su inter\u00e9s por compartir informaci\u00f3n que nos permita articular proyectos que impulsen el desarrollo regional, y que son de gran impacto para la poblaci\u00f3n\u00a0michoacana, como los que ustedes han impulsado durante su periodo legislativo, ya que se nutren de las opiniones de los diversos sectores que conforman nuestra sociedad\u201d, expres\u00f3 el mandatario estatal.<\/p>\n<p>En la reuni\u00f3n convocada por los legisladores federales, Jara Guerrero explic\u00f3 que la Secretar\u00eda de Administraci\u00f3n y Finanzas del estado termin\u00f3 la etapa de diagn\u00f3stico para detectar las trabas y dar as\u00ed claridad en el ejercicio de los recursos estatales a fin de lograr el saneamiento de las finanzas, por lo que ya se ha podido comenzar el pago de adeudos a proveedores y constructores.<\/p>\n<p>En este sentido, afirm\u00f3 que se est\u00e1 teniendo un control sobre las finanzas, cosa que no hab\u00eda pasado en muchos a\u00f1os, y reiter\u00f3 que no se est\u00e1 desviando ni un solo peso del prop\u00f3sito para el cual fue destinado.<\/p>\n<p>Adem\u00e1s, reconoci\u00f3 la coordinaci\u00f3n existente entre el Gobierno de la Rep\u00fablica, los legisladores y su gesti\u00f3n, misma que poco a poco ha permitido recuperar la credibilidad en las instituciones, con resultados claros y contundentes.<\/p>\n<p>\u201cEstoy convencido de que debemos caminar hacia el mismo rumbo en esta etapa de reconciliaci\u00f3n y recuperaci\u00f3n de\u00a0la econom\u00eda y del tejido social;\u00a0por lo que\u00a0en esta labor,\u00a0su participaci\u00f3n legislativa aprobando leyes que mejoran la vida de todos los mexicanos y autorizando recursos para los michoacanos, es sin duda fundamental\u201d, dijo a los legisladores.<\/p>\n<p>A su vez, los diputados federales destacaron la labor que ha realizado el gobernador Salvador Jara Guerrero en los \u00faltimos meses, y aseguraron que s\u00ed han notado un cambio positivo en la percepci\u00f3n de Michoac\u00e1n tanto a nivel nacional como internacional, ello gracias a los avances y logros alcanzados dentro del Plan Michoac\u00e1n.<\/p>\n<p>De esta manera, tuvieron la oportunidad de exponerle al gobernador la visi\u00f3n que tienen en el tema del desarrollo y c\u00f3mo se pueden orientar recursos para que sean m\u00e1s eficientes los apoyos que le lleguen a las familias, ya sea en programas sociales o en infraestructura.<\/p>\n<p>\u201cYo creo que ha sido una primera reuni\u00f3n muy productiva, seguramente en los pr\u00f3ximos d\u00edas tendremos otra porque tenemos que estar en perfecta comunicaci\u00f3n para que sea asertiva nuestra participaci\u00f3n y logremos un presupuesto importante para Michoac\u00e1n\u201d, afirm\u00f3 el diputado Eligio Cuitl\u00e1huac Gonz\u00e1lez Far\u00edas, quien tambi\u00e9n ratific\u00f3 todo el apoyo institucional del grupo parlamentario del PRI al gobernador del estado y a sus gestiones.<\/p>\n<p>Los asistentes coincidieron en que tienen que enfocar esfuerzos en favor del progreso en nuestro estado, por lo que reconocieron la importancia de esta primera reuni\u00f3n que les permitir\u00e1 tener mayor claridad al momento de aterrizar los recursos.<\/p>\n<p>Es por eso que se comprometieron a la gesti\u00f3n de mayor presupuesto para proyectos de desarrollo por regiones que permitan detonar la econom\u00eda estatal, a trav\u00e9s de parques industriales, plantas armadoras, infraestructura carretera para una mejor conectividad, adem\u00e1s de impulsar las oportunidades que presenta la agroindustria, ya que, aseguraron, el campo michoacano tiene un gran futuro con los mercados de Asia y Estados Unidos, por lo que es necesario invertir en ello.<\/p>\n<p>Gonz\u00e1lez Far\u00edas se\u00f1al\u00f3 que los legisladores tambi\u00e9n presentaron algunas sugerencias a partir de los recorridos que hacen por sus distritos, aunque varias de ellas ya estaban en la cartera de planes del gobierno estatal.<\/p>\n<p>Asimismo detall\u00f3 que, entre otras cosas, se contemplan los recursos para la nueva vialidad en la Loma de Santa Mar\u00eda, obras carreteras y de caminos rurales; proyectos hidr\u00e1ulicos, como son plantas de tratamiento de aguas residuales en Hidalgo, la continuaci\u00f3n de la planta en Apatzing\u00e1n; adem\u00e1s de darle continuidad al parque industrial de Contepec.<\/p>\n<p>\u201cFue una reuni\u00f3n que pactamos con el gobernador en funci\u00f3n de la necesidad que tiene Michoac\u00e1n de ponernos de acuerdo todos los actores pol\u00edticos y sociales para optimizar los recursos y que los apoyos sean mucho m\u00e1s asertivos. Consideramos que debemos aprovechar la voluntad pol\u00edtica del presidente Enrique Pe\u00f1a Nieto para invertir recursos en Michoac\u00e1n\u201d, finaliz\u00f3 Eligio Gonz\u00e1lez.<\/p>\n<p>En esta reuni\u00f3n de trabajo estuvieron presentes los diputados federales, Alfredo Anaya Gudi\u00f1o, Adriana Hern\u00e1ndez \u00cd\u00f1iguez, Salvador Romero Valencia, Socorro de la Luz Quintana Le\u00f3n,\u00a0Luis Olvera Correa, Rodimiro Barrera Estrada, Blanca Villase\u00f1or Gudi\u00f1o, Salvador Ortiz Garc\u00eda, adem\u00e1s del presidente del Comit\u00e9 Directivo Estatal del PRI, Marco Polo Aguirre Ch\u00e1vez; el senador por Michoac\u00e1n, Ascensi\u00f3n Orihuela B\u00e1rcenas; el diputado federal por Michoac\u00e1n de la alianza PRI-PVEM, Ernesto N\u00fa\u00f1ez Aguilar y el enlace de alto nivel de la Secretar\u00eda de Gobernaci\u00f3n federal, Jes\u00fas Alc\u00e1ntara N\u00fa\u00f1ez.<\/p>\n<p align=\"center\"><b>\u00a0<\/b><\/p>\n","protected":false},"excerpt":{"rendered":"<p>Como parte de sus actividades en la capital del pa\u00eds, el gobernador Salvador Jara Guerrero, se reuni\u00f3 con los diputados federales de la fracci\u00f3n parlamentaria del Partido Revolucionario Institucional (PRI) en el Congreso de la Uni\u00f3n,<\/p>\n","protected":false},"author":1,"featured_media":10767,"comment_status":"open","ping_status":"open","sticky":false,"template":"","format":"standard","meta":{"footnotes":""},"categories":[14,3],"tags":[],"class_list":["post-10766","post","type-post","status-publish","format-standard","has-post-thumbnail","hentry","category-destacadas","category-gobierno-del-estado-de-michoacan"],"_links":{"self":[{"href":"https:\/\/radiowebmx.com\/nota\/wp-json\/wp\/v2\/posts\/10766","targetHints":{"allow":["GET"]}}],"collection":[{"href":"https:\/\/radiowebmx.com\/nota\/wp-json\/wp\/v2\/posts"}],"about":[{"href":"https:\/\/radiowebmx.com\/nota\/wp-json\/wp\/v2\/types\/post"}],"author":[{"embeddable":true,"href":"https:\/\/radiowebmx.com\/nota\/wp-json\/wp\/v2\/users\/1"}],"replies":[{"embeddable":true,"href":"https:\/\/radiowebmx.com\/nota\/wp-json\/wp\/v2\/comments?post=10766"}],"version-history":[{"count":1,"href":"https:\/\/radiowebmx.com\/nota\/wp-json\/wp\/v2\/posts\/10766\/revisions"}],"predecessor-version":[{"id":10768,"href":"https:\/\/radiowebmx.com\/nota\/wp-json\/wp\/v2\/posts\/10766\/revisions\/10768"}],"wp:featuredmedia":[{"embeddable":true,"href":"https:\/\/radiowebmx.com\/nota\/wp-json\/wp\/v2\/media\/10767"}],"wp:attachment":[{"href":"https:\/\/radiowebmx.com\/nota\/wp-json\/wp\/v2\/media?parent=10766"}],"wp:term":[{"taxonomy":"category","embeddable":true,"href":"https:\/\/radiowebmx.com\/nota\/wp-json\/wp\/v2\/categories?post=10766"},{"taxonomy":"post_tag","embeddable":true,"href":"https:\/\/radiowebmx.com\/nota\/wp-json\/wp\/v2\/tags?post=10766"}],"curies":[{"name":"wp","href":"https:\/\/api.w.org\/{rel}","templated":true}]}}