{"id":10758,"date":"2014-10-16T13:18:07","date_gmt":"2014-10-16T18:18:07","guid":{"rendered":"https:\/\/radiowebmx.com\/nota\/?p=10758"},"modified":"2014-10-16T13:18:07","modified_gmt":"2014-10-16T18:18:07","slug":"las-decisiones-trascendentales-para-el-estado-deben-tomarse-de-manera-conjunta-con-los-sectores-involucrados-salvador-jara","status":"publish","type":"post","link":"https:\/\/radiowebmx.com\/nota\/las-decisiones-trascendentales-para-el-estado-deben-tomarse-de-manera-conjunta-con-los-sectores-involucrados-salvador-jara\/","title":{"rendered":"LAS DECISIONES TRASCENDENTALES PARA EL ESTADO DEBEN TOMARSE DE MANERA CONJUNTA CON LOS SECTORES INVOLUCRADOS: SALVADOR JARA"},"content":{"rendered":"<p><a href=\"https:\/\/radiowebmx.com\/nota\/wp-content\/uploads\/2014\/10\/DSC_4580.jpg\"><img loading=\"lazy\" decoding=\"async\" class=\"alignleft size-full wp-image-10759\" alt=\"DSC_4580\" src=\"https:\/\/radiowebmx.com\/nota\/wp-content\/uploads\/2014\/10\/DSC_4580.jpg\" width=\"591\" height=\"297\" srcset=\"https:\/\/radiowebmx.com\/nota\/wp-content\/uploads\/2014\/10\/DSC_4580.jpg 591w, https:\/\/radiowebmx.com\/nota\/wp-content\/uploads\/2014\/10\/DSC_4580-300x150.jpg 300w\" sizes=\"auto, (max-width: 591px) 100vw, 591px\" \/><\/a>El Poder Ejecutivo estatal promueve la toma de decisiones trascendentales bajo lineamientos de inclusi\u00f3n de posturas de los distintos sectores involucrados en los temas, afirm\u00f3 el gobernador de Michoac\u00e1n, Salvador Jara Guerrero, durante la reuni\u00f3n que sostuvo con l\u00edderes de organizaciones transportistas, quienes le expusieron sus necesidades.<\/p>\n<p>Tras escuchar los planteamientos de los representantes de cada una de las agrupaciones, el mandatario michoacano reiter\u00f3 que en el transcurso de su administraci\u00f3n siempre habr\u00e1 apertura al di\u00e1logo respetuoso con todos los gremios y\u00a0 organismos sociales, por lo que pidi\u00f3 a los transportistas se enfoquen en la estructuraci\u00f3n de una propuesta de trabajo.<\/p>\n<p>&#8220;Lo m\u00e1s importante en este momento es que los ciudadanos requieren de un servicio de calidad en el transporte p\u00fablico y tenemos que encontrar un justo equilibrio para que los empresarios prestadores del servicio puedan ejercer su actividad de manera ordenada con apego a la legalidad, pero estoy convencido de que podremos trabajar de una manera coordinada&#8221;, recalc\u00f3.<\/p>\n<p>En este marco, Jes\u00fas Pablo Salazar Villase\u00f1or, secretario de organizaci\u00f3n de la Comisi\u00f3n Reguladora del Transporte y coordinador de la Ruta Naranja, celebr\u00f3 la disposici\u00f3n al di\u00e1logo mostrada por Salvador Jara y confi\u00f3 plenamente en que ser\u00e1n escuchadas las opiniones de\u00a0 los empresarios transportistas del estado.<\/p>\n<p>Por su parte, Marco Trejo Pureco, diputado integrante de la Comisi\u00f3n de Comunicaciones y Transportes del Congreso local, percibi\u00f3 como positivo el acercamiento del gobernador con los l\u00edderes de las organizaciones del transporte p\u00fablico en Michoac\u00e1n.<\/p>\n<p>Consider\u00f3 que en el tiempo transcurrido de la actual administraci\u00f3n de gobierno estatal, Salvador Jara Guerrero se ha caracterizado por su capacidad de escuchar las voces de los diversos sectores y comprender la situaci\u00f3n por la cual atraviesa la entidad en los diferentes rubros.<\/p>\n<p>En la reuni\u00f3n de trabajo tambi\u00e9n estuvieron presentes Javier Ocampo Garc\u00eda, titular de la Comisi\u00f3n Coordinadora del Transporte P\u00fablico en Michoac\u00e1n; Jos\u00e9 Luis Gonz\u00e1lez Mart\u00ednez, presidente de la Ruta Rosa; Miguel Corona Salto, presidente de la Alianza de Combis y Taxis del Estado de Michoac\u00e1n; Efra\u00edn G\u00f3mez Vargas, l\u00edder de la Ruta Azul de Morelia y Miguel Mart\u00ednez, representante de las rutas 1 y 2.<\/p>\n<p>Como parte de la agenda de actividades de este mi\u00e9rcoles, Jara Guerrero y su esposa Catherine Ettinger, presidenta del DIF Michoac\u00e1n, recibieron en Casa de Gobierno a Carlos Prado Butr\u00f3n, jefe de la Unidad a Grupos Vulnerables del Sistema Nacional para el Desarrollo Integral de la Familia (DIF), con quien analizaron temas de pol\u00edticas de atenci\u00f3n a los segmentos vulnerables de la poblaci\u00f3n.<\/p>\n<p>Tambi\u00e9n, el mandatario encabez\u00f3 la Ceremonia Conmemorativa del XCVII Aniversario de la Universidad Michoacana de San Nicol\u00e1s de Hidalgo (UMSNH), donde entreg\u00f3 premios &#8220;Padre de la Patria&#8221; a los alumnos destacados por tener los mejores promedios.<\/p>\n<p>En rueda de prensa, acompa\u00f1ado por el secretario de Finanzas y Administraci\u00f3n en el estado, Jos\u00e9 Carlos Rodr\u00edguez Pueblita, el titular del Poder Ejecutivo dio a conocer el programa de pagos a proveedores donde destac\u00f3 que el reto m\u00e1s importante para el a\u00f1o entrante consiste en tener instituciones s\u00f3lidas y responsables que den credibilidad a los michoacanos.<\/p>\n<p>Finalmente, Jara Guerrero se reuni\u00f3 en privado con Jorge Ochoa Silva, presidente municipal de Tanganc\u00edcuaro y concret\u00f3 una serie de acuerdos con Ana Compe\u00e1n Reyes Sp\u00edndola, directora del Sistema Estatal para el Desarrollo Integral de la Familia.<\/p>\n","protected":false},"excerpt":{"rendered":"<p>El Poder Ejecutivo estatal promueve la toma de decisiones trascendentales bajo lineamientos de inclusi\u00f3n de posturas de los distintos sectores involucrados en los temas, afirm\u00f3 el gobernador de Michoac\u00e1n,<\/p>\n","protected":false},"author":1,"featured_media":10759,"comment_status":"open","ping_status":"open","sticky":false,"template":"","format":"standard","meta":{"footnotes":""},"categories":[14,3],"tags":[],"class_list":["post-10758","post","type-post","status-publish","format-standard","has-post-thumbnail","hentry","category-destacadas","category-gobierno-del-estado-de-michoacan"],"_links":{"self":[{"href":"https:\/\/radiowebmx.com\/nota\/wp-json\/wp\/v2\/posts\/10758","targetHints":{"allow":["GET"]}}],"collection":[{"href":"https:\/\/radiowebmx.com\/nota\/wp-json\/wp\/v2\/posts"}],"about":[{"href":"https:\/\/radiowebmx.com\/nota\/wp-json\/wp\/v2\/types\/post"}],"author":[{"embeddable":true,"href":"https:\/\/radiowebmx.com\/nota\/wp-json\/wp\/v2\/users\/1"}],"replies":[{"embeddable":true,"href":"https:\/\/radiowebmx.com\/nota\/wp-json\/wp\/v2\/comments?post=10758"}],"version-history":[{"count":2,"href":"https:\/\/radiowebmx.com\/nota\/wp-json\/wp\/v2\/posts\/10758\/revisions"}],"predecessor-version":[{"id":10761,"href":"https:\/\/radiowebmx.com\/nota\/wp-json\/wp\/v2\/posts\/10758\/revisions\/10761"}],"wp:featuredmedia":[{"embeddable":true,"href":"https:\/\/radiowebmx.com\/nota\/wp-json\/wp\/v2\/media\/10759"}],"wp:attachment":[{"href":"https:\/\/radiowebmx.com\/nota\/wp-json\/wp\/v2\/media?parent=10758"}],"wp:term":[{"taxonomy":"category","embeddable":true,"href":"https:\/\/radiowebmx.com\/nota\/wp-json\/wp\/v2\/categories?post=10758"},{"taxonomy":"post_tag","embeddable":true,"href":"https:\/\/radiowebmx.com\/nota\/wp-json\/wp\/v2\/tags?post=10758"}],"curies":[{"name":"wp","href":"https:\/\/api.w.org\/{rel}","templated":true}]}}