{"id":1052,"date":"2013-01-29T11:29:37","date_gmt":"2013-01-29T17:29:37","guid":{"rendered":"https:\/\/radiowebmx.com\/nota\/?p=1052"},"modified":"2013-01-29T11:29:37","modified_gmt":"2013-01-29T17:29:37","slug":"refuerzan-capacitacion-de-mediadores-conciliadores-del-poder-judicial-de-michoacan","status":"publish","type":"post","link":"https:\/\/radiowebmx.com\/nota\/refuerzan-capacitacion-de-mediadores-conciliadores-del-poder-judicial-de-michoacan\/","title":{"rendered":"Refuerzan capacitaci\u00f3n de mediadores-conciliadores del Poder Judicial de Michoac\u00e1n"},"content":{"rendered":"<p>Previo a su designaci\u00f3n, y como parte de la capacitaci\u00f3n permanente que el Poder Judicial de Michoac\u00e1n ofrece a los operadores del Nuevo sistema de justicia penal, concluy\u00f3 el Primer curso previo a la capacitaci\u00f3n intensiva para mediadores y conciliadores que fungir\u00e1n como operadores del nuevo sistema de justicia penal.<\/p>\n<p>&nbsp;<\/p>\n<p>Durante la entrega de constancias a los 19 mediadores participantes, Citlalli Fern\u00e1ndez Gonz\u00e1lez, consejera de la instituci\u00f3n, se\u00f1al\u00f3 la importancia de contar con profesionales en la materia,ya que en sus manos estar\u00e1resolver favorablemente los asuntos que lleguen alPoder Judicial y conciliar a las partes en conflicto.<\/p>\n<p>&nbsp;<\/p>\n<p>Adem\u00e1s la integrante de la Comisi\u00f3n de Carrera Judicial anunci\u00f3 que este 1 de febrero, los conciliadores se integrar\u00e1n a cada uno de los lugares que corresponden, para formar parte del nuevo sistema de justicia por lo que agradeci\u00f3 a cada uno su trabajo y dedicaci\u00f3n durante el curso de capacitaci\u00f3n.<\/p>\n<p>&nbsp;<\/p>\n<p>Sobre el tema Emmanuel Roa Ortiz, director del Instituto de la Judicatura, indic\u00f3 que el objetivo principal del curso de formaci\u00f3n inicial,fue brindar una capacitaci\u00f3n complementaria a los mediadores, a trav\u00e9s de pr\u00e1cticas que refuercen los conocimientos que ya tienen adquiridos.<\/p>\n<p>&nbsp;<\/p>\n<p>\u201cLa existencia de los mediadores es esencial, no puede haber un sistema de justicia penal con caracter\u00edsticas de acusatorio y oral, si no existen medios alternativos, ya que todas las controversias jur\u00eddicas tienen que pasar por los filtros del proceso de mediaci\u00f3n, para que lleguen a tribunales, solo aquellas controversias que no se hayan podido mediar o bien, que sean delitos graves\u201d, explic\u00f3.<\/p>\n<p>&nbsp;<\/p>\n<p>ElNuevo sistema de seguridad p\u00fablica y justicia penal est\u00e1 pensado para que lleguen a los tribunales aquellos casos donde sea realmente necesaria la intervenci\u00f3n de un juez,la gran mayor\u00eda tendr\u00edan que satisfacerse mediante la justicia alternativa\u201d, aclar\u00f3 Emmanuel Roa.<\/p>\n<p>&nbsp;<\/p>\n<p>Dicho curso fue impartido por Jes\u00fas Salvador Guirado L\u00f3pez, Director de del Centro de Justicia Alternativa Penal del Poder Judicial del estado de Sonora, quien resalt\u00f3 que la justicia alternativa es uno de los dos pilares fundamentales del nuevo sistema de justicia y que sin duda la mediaci\u00f3n resulta muy atractiva para las partes en conflicto.<\/p>\n<p>&nbsp;<\/p>\n<p>Se\u00f1al\u00f3 que de acuerdo a datos del Poder Judicial de Sonora, entidad donde ya se aplica la justicia alternativa, del 100% de procesos que se siguen, un 40% se direccionan a la mediaci\u00f3n y de cada 100 casos que trata la justicia alternativa 80 se solucionan, lo que representa un alto nivel de efectividad.<\/p>\n<p>&nbsp;<\/p>\n<p>Es as\u00ed como el Poder Judicial de Michoac\u00e1n impulsa el establecimiento del Nuevo sistema de seguridad p\u00fablica y justicia penal, con la constante capacitaci\u00f3n de quienes operar\u00e1n esta Reforma penal.<\/p>\n","protected":false},"excerpt":{"rendered":"<p>Previo a su designaci\u00f3n, y como parte de la capacitaci\u00f3n permanente que el Poder Judicial de Michoac\u00e1n ofrece a los operadores del Nuevo sistema de justicia penal, concluy\u00f3 el Primer curso previo a la capacitaci\u00f3n intensiva para mediadores y conciliadores que fungir\u00e1n como operadores del nuevo sistema de justicia penal.<\/p>\n","protected":false},"author":1,"featured_media":0,"comment_status":"open","ping_status":"open","sticky":false,"template":"","format":"standard","meta":{"footnotes":""},"categories":[3],"tags":[],"class_list":["post-1052","post","type-post","status-publish","format-standard","hentry","category-gobierno-del-estado-de-michoacan"],"_links":{"self":[{"href":"https:\/\/radiowebmx.com\/nota\/wp-json\/wp\/v2\/posts\/1052","targetHints":{"allow":["GET"]}}],"collection":[{"href":"https:\/\/radiowebmx.com\/nota\/wp-json\/wp\/v2\/posts"}],"about":[{"href":"https:\/\/radiowebmx.com\/nota\/wp-json\/wp\/v2\/types\/post"}],"author":[{"embeddable":true,"href":"https:\/\/radiowebmx.com\/nota\/wp-json\/wp\/v2\/users\/1"}],"replies":[{"embeddable":true,"href":"https:\/\/radiowebmx.com\/nota\/wp-json\/wp\/v2\/comments?post=1052"}],"version-history":[{"count":1,"href":"https:\/\/radiowebmx.com\/nota\/wp-json\/wp\/v2\/posts\/1052\/revisions"}],"predecessor-version":[{"id":1053,"href":"https:\/\/radiowebmx.com\/nota\/wp-json\/wp\/v2\/posts\/1052\/revisions\/1053"}],"wp:attachment":[{"href":"https:\/\/radiowebmx.com\/nota\/wp-json\/wp\/v2\/media?parent=1052"}],"wp:term":[{"taxonomy":"category","embeddable":true,"href":"https:\/\/radiowebmx.com\/nota\/wp-json\/wp\/v2\/categories?post=1052"},{"taxonomy":"post_tag","embeddable":true,"href":"https:\/\/radiowebmx.com\/nota\/wp-json\/wp\/v2\/tags?post=1052"}],"curies":[{"name":"wp","href":"https:\/\/api.w.org\/{rel}","templated":true}]}}