{"id":10366,"date":"2014-10-01T11:17:38","date_gmt":"2014-10-01T16:17:38","guid":{"rendered":"https:\/\/radiowebmx.com\/nota\/?p=10366"},"modified":"2014-10-01T11:17:38","modified_gmt":"2014-10-01T16:17:38","slug":"conmemoran-el-249-aniversario-del-natalicio-de-jose-maria-morelos","status":"publish","type":"post","link":"https:\/\/radiowebmx.com\/nota\/conmemoran-el-249-aniversario-del-natalicio-de-jose-maria-morelos\/","title":{"rendered":"CONMEMORAN EL 249 ANIVERSARIO DEL NATALICIO DE JOS\u00c9 MAR\u00cdA MORELOS"},"content":{"rendered":"<p><a href=\"https:\/\/radiowebmx.com\/nota\/wp-content\/uploads\/2014\/10\/morelos-19.jpg\"><img loading=\"lazy\" decoding=\"async\" class=\"alignleft size-full wp-image-10367\" alt=\"morelos (19)\" src=\"https:\/\/radiowebmx.com\/nota\/wp-content\/uploads\/2014\/10\/morelos-19.jpg\" width=\"591\" height=\"320\" srcset=\"https:\/\/radiowebmx.com\/nota\/wp-content\/uploads\/2014\/10\/morelos-19.jpg 591w, https:\/\/radiowebmx.com\/nota\/wp-content\/uploads\/2014\/10\/morelos-19-300x162.jpg 300w\" sizes=\"auto, (max-width: 591px) 100vw, 591px\" \/><\/a>\u201cSolo con la uni\u00f3n que tanto privilegi\u00f3 Jos\u00e9 Mar\u00eda Morelos y Pav\u00f3n es posible fortalecer al estado y la naci\u00f3n\u201d, resalt\u00f3 el gobernador del estado, Salvador Jara Guerrero, al fungir como orador oficial en el acto conmemorativo al 249 aniversario del Natalicio del Siervo de la Naci\u00f3n.<\/p>\n<p>&nbsp;<\/p>\n<p>Jara Guerrero, quien estuvo acompa\u00f1ado por el presidente municipal de Morelia, Wilfrido L\u00e1zaro Medina y regidores integrantes del Cabildo, as\u00ed como funcionarios de la administraci\u00f3n municipal y estatal, resalt\u00f3 que M\u00e9xico y en particular la entidad, mantienen vigente el anhelo del ilustre estratega de privilegiar la resoluci\u00f3n de conflictos a trav\u00e9s del estado de derecho.<\/p>\n<p>&nbsp;<\/p>\n<p>\u201cHace meses, cuando la violencia pareciera tener una voz m\u00e1s fuerte que el estado de derecho, cuando el capricho de unos pocos podr\u00edan someterse a la mayor\u00eda y a la propia constituci\u00f3n, tuvimos que corregir el rumbo\u201d, afirm\u00f3 Jara Guerrero.<\/p>\n<p>&nbsp;<\/p>\n<p>El mandatario estatal hizo un llamado a los presentes para retomar el legado de Morelos, no para mantener a Michoac\u00e1n en el pasado, sino para proyectar estrategias que permitan enfrentar los nuevos retos.<\/p>\n<p>&nbsp;<\/p>\n<p>Tras hacer referencia a los esfuerzos que realiz\u00f3 el cura de Car\u00e1cuaro en su recorrido y campa\u00f1a para lograr el objetivo de dar libertad a esta naci\u00f3n, el ejecutivo estatal\u00a0 resalt\u00f3 que el homenajeado fue un convencido del cumplimiento de la ley y responsabilidad y sobre todo \u201cvio que un pueblo no puede vivir en orden y con bienestar si se conduce con normas impuestas y se conduce a intereses ajenos\u201d, refiri\u00f3.<\/p>\n<p>&nbsp;<\/p>\n<p>Al acto c\u00edvico central de conmemoraci\u00f3n del 249 aniversario del natalicio de Don Jos\u00e9 Mar\u00eda Morelos y Pav\u00f3n, asisti\u00f3 con la representaci\u00f3n del presidente de M\u00e9xico, Enrique Pe\u00f1a Nieto, el sub secretario de Prevenci\u00f3n y Participaci\u00f3n Ciudadana, Roberto Rafael Campa Cifri\u00e1n.<\/p>\n<p>&nbsp;<\/p>\n<p>De la misma forma, se cont\u00f3 con la asistencia de la 21 Zona militar, en la persona del General de Brigada Diplomado de Estado Mayor, Uribe Toledo Sibaja, adem\u00e1s de diversos integrantes el gabinete que conforma el gobierno del estado y el Ayuntamiento de Morelia.<\/p>\n<p>&nbsp;<\/p>\n<p>Los representantes de los tres niveles de gobierno colocaron una ofrenda floral y montaron guardia de honor en el monumento al h\u00e9roe de la independencia, ubicado en la Plaza Jard\u00edn Morelos.<\/p>\n","protected":false},"excerpt":{"rendered":"<p>\u201cSolo con la uni\u00f3n que tanto privilegi\u00f3 Jos\u00e9 Mar\u00eda Morelos y Pav\u00f3n es posible fortalecer al estado y la naci\u00f3n\u201d, resalt\u00f3 el gobernador del estado, Salvador Jara Guerrero, al fungir como orador oficial en el acto conmemorativo al 249 aniversario del Natalicio del Siervo de la Naci\u00f3n.<\/p>\n","protected":false},"author":1,"featured_media":10367,"comment_status":"open","ping_status":"open","sticky":false,"template":"","format":"standard","meta":{"footnotes":""},"categories":[1],"tags":[],"class_list":["post-10366","post","type-post","status-publish","format-standard","has-post-thumbnail","hentry","category-sin-categoria"],"_links":{"self":[{"href":"https:\/\/radiowebmx.com\/nota\/wp-json\/wp\/v2\/posts\/10366","targetHints":{"allow":["GET"]}}],"collection":[{"href":"https:\/\/radiowebmx.com\/nota\/wp-json\/wp\/v2\/posts"}],"about":[{"href":"https:\/\/radiowebmx.com\/nota\/wp-json\/wp\/v2\/types\/post"}],"author":[{"embeddable":true,"href":"https:\/\/radiowebmx.com\/nota\/wp-json\/wp\/v2\/users\/1"}],"replies":[{"embeddable":true,"href":"https:\/\/radiowebmx.com\/nota\/wp-json\/wp\/v2\/comments?post=10366"}],"version-history":[{"count":2,"href":"https:\/\/radiowebmx.com\/nota\/wp-json\/wp\/v2\/posts\/10366\/revisions"}],"predecessor-version":[{"id":10369,"href":"https:\/\/radiowebmx.com\/nota\/wp-json\/wp\/v2\/posts\/10366\/revisions\/10369"}],"wp:featuredmedia":[{"embeddable":true,"href":"https:\/\/radiowebmx.com\/nota\/wp-json\/wp\/v2\/media\/10367"}],"wp:attachment":[{"href":"https:\/\/radiowebmx.com\/nota\/wp-json\/wp\/v2\/media?parent=10366"}],"wp:term":[{"taxonomy":"category","embeddable":true,"href":"https:\/\/radiowebmx.com\/nota\/wp-json\/wp\/v2\/categories?post=10366"},{"taxonomy":"post_tag","embeddable":true,"href":"https:\/\/radiowebmx.com\/nota\/wp-json\/wp\/v2\/tags?post=10366"}],"curies":[{"name":"wp","href":"https:\/\/api.w.org\/{rel}","templated":true}]}}