{"id":1032,"date":"2013-01-28T11:40:26","date_gmt":"2013-01-28T17:40:26","guid":{"rendered":"https:\/\/radiowebmx.com\/nota\/?p=1032"},"modified":"2013-01-28T11:51:47","modified_gmt":"2013-01-28T17:51:47","slug":"operativo-morelia-institucional-beneficio-de-los-morelianos-arriaga-soria","status":"publish","type":"post","link":"https:\/\/radiowebmx.com\/nota\/operativo-morelia-institucional-beneficio-de-los-morelianos-arriaga-soria\/","title":{"rendered":"\u201cOPERATIVO MORELIA INSTITUCIONAL\u201d BENEFICIO DE LOS MORELIANOS: ARRIAGA SORIA"},"content":{"rendered":"<p><span style=\"font-size: 13px;\"><img loading=\"lazy\" decoding=\"async\" class=\"alignnone\" src=\"http:\/\/img651.imageshack.us\/img651\/38\/dsc3883s.jpg\" alt=\"\" width=\"591\" height=\"283\" \/>\u00a0El \u201cOperativo Morelia Institucional\u201d es uno m\u00e1s que tiene el Ayuntamiento de Morelia atreves de la Direcci\u00f3n de Seguridad Ciudadana para cuidar de la seguridad de los morelianos as\u00ed lo se\u00f1al\u00f3 el director general Comisario Iv\u00e1n Arraiga Soria quien sostuvo contundente que, \u201clos operativos de seguridad, llegaron para quedarse\u201d.<\/span><\/p>\n<p>&nbsp;<\/p>\n<p>El directivo municipal precis\u00f3 al respecto que, de manera coordinada, se est\u00e1 trabajando de con las dependencias correspondientes a nivel estatal y federal, con el objetivo de que en acciones conjunta se contribuyan a disminuir, considerablemente, los delitos en el municipio.<\/p>\n<p>&nbsp;<\/p>\n<p>Es as\u00ed que se trabaja ya, en operativos permanentes buscando siempre la tranquilidad y la seguridad de los morelianos y es en este marco que le solicit\u00f3 a la ciudadan\u00eda sumarse a este fin a trav\u00e9s de denuncias.<\/p>\n<p>&nbsp;<\/p>\n<p>De manera paralela, se est\u00e1 trabajando en materia de prevenci\u00f3n, implementando programas sociales en donde los ni\u00f1os, los j\u00f3venes y todos los miembros de la familia se integren a actividades culturales, recreativas y deportivas y con platicas preventivas en materia de seguridad.<\/p>\n<p>&nbsp;<\/p>\n<p>Mencion\u00f3 que entre ellos se encuentra la detenci\u00f3n de cualquier motocicleta, veh\u00edculo para la revisi\u00f3n de documentaci\u00f3n, n\u00famero de serie, placa de circulaci\u00f3n as\u00ed como los nombres de los tripulantes para la localizaci\u00f3n de veh\u00edculos y motos que tengan \u201cREPORTE DE ROBO\u201d.<\/p>\n<p>&nbsp;<\/p>\n<p>Otro de ellos es el operativo Radar que se ayer (s\u00e1bado) en la avenida Rio Grande y Jacarandas con un resultado de 20 infracciones; se trata de la detenci\u00f3n de veh\u00edculos que rebasen la velocidad permitida en base al reglamento de tr\u00e1nsito.<\/p>\n<p>&nbsp;<\/p>\n<p>Asimismo el operativo Casco y Vidrios Polarizados, ayer se ubico sobre la Calzada Arnulfo \u00c1vila y Justicia de la colonia Morelos en el cual consiste en detener a motocicletas con conductores que no porten el casco protector adem\u00e1s de que se les revisan antecedentes tanto al conductor como a las placas y serie para descartar reporte de robo y en el caso de los veh\u00edculos con vidrios polarizados se les invita a retirarlo en el lugar o de lo contrario se har\u00e1n acreedores a una infracci\u00f3n, con un resultado de 12\u00a0\u00a0infracciones.<\/p>\n<p>&nbsp;<\/p>\n<p>Arriaga Soria coment\u00f3 que el operativo Alcohol\u00edmetro dio la noche del s\u00e1bado en las inmediaciones de La Glorieta Bicentenario de Torre\u00f3n Nuevo de esta ciudad, 32 infracciones de las cuales, se realizaron 69 pruebas, de las cuales 67 a hombres y 2 a mujeres.<\/p>\n<p>&nbsp;<\/p>\n<p>En otro orden de ideas y en respuesta a la llamada de un moreliano, se detuvieron a colones por ri\u00f1a en la calle Solidaridad y Ju\u00e1rez, los involucrados fueron 4 personas (dos mujeres y dos hombres) quienes fueron trasladados a Barandilla.<\/p>\n<p>&nbsp;<\/p>\n<p>Iv\u00e1n Arriaga director general de Seguridad Ciudadana\u00a0\u00a0coment\u00f3 que tambi\u00e9n gracias a la llamada an\u00f3nima,\u00a0\u00a0se logro la recuperaci\u00f3n de un veh\u00edculo con reporte de robo, una camioneta Nissan Pick Up Blanca Doble Cabina con franjas grises al costado, que tenia abandonado hace aproximadamente 5 d\u00edas en Lomas\u00a0\u00a0de las Fuentes.<\/p>\n<p>&nbsp;<\/p>\n<p>Finalmente subray\u00f3 que estos operativos \u201cllegaron para quedarse\u201d para la seguridad de los morelianos \u201cpara ellos trabajamos y lo seguiremos haciendo\u201d as\u00ed lo acot\u00f3 el funcionario municipal Arriaga Soria.<\/p>\n","protected":false},"excerpt":{"rendered":"<p> El \u201cOperativo Morelia Institucional\u201d es uno m\u00e1s que tiene el Ayuntamiento de Morelia atreves de la Direcci\u00f3n de Seguridad Ciudadana para cuidar de la seguridad de los morelianos as\u00ed lo se\u00f1al\u00f3 el director general Comisario Iv\u00e1n Arraiga Soria quien sostuvo contundente que, \u201clos operativos de seguridad, llegaron para quedarse\u201d.<\/p>\n","protected":false},"author":1,"featured_media":0,"comment_status":"open","ping_status":"open","sticky":false,"template":"","format":"standard","meta":{"footnotes":""},"categories":[9],"tags":[],"class_list":["post-1032","post","type-post","status-publish","format-standard","hentry","category-morelia"],"_links":{"self":[{"href":"https:\/\/radiowebmx.com\/nota\/wp-json\/wp\/v2\/posts\/1032","targetHints":{"allow":["GET"]}}],"collection":[{"href":"https:\/\/radiowebmx.com\/nota\/wp-json\/wp\/v2\/posts"}],"about":[{"href":"https:\/\/radiowebmx.com\/nota\/wp-json\/wp\/v2\/types\/post"}],"author":[{"embeddable":true,"href":"https:\/\/radiowebmx.com\/nota\/wp-json\/wp\/v2\/users\/1"}],"replies":[{"embeddable":true,"href":"https:\/\/radiowebmx.com\/nota\/wp-json\/wp\/v2\/comments?post=1032"}],"version-history":[{"count":3,"href":"https:\/\/radiowebmx.com\/nota\/wp-json\/wp\/v2\/posts\/1032\/revisions"}],"predecessor-version":[{"id":1034,"href":"https:\/\/radiowebmx.com\/nota\/wp-json\/wp\/v2\/posts\/1032\/revisions\/1034"}],"wp:attachment":[{"href":"https:\/\/radiowebmx.com\/nota\/wp-json\/wp\/v2\/media?parent=1032"}],"wp:term":[{"taxonomy":"category","embeddable":true,"href":"https:\/\/radiowebmx.com\/nota\/wp-json\/wp\/v2\/categories?post=1032"},{"taxonomy":"post_tag","embeddable":true,"href":"https:\/\/radiowebmx.com\/nota\/wp-json\/wp\/v2\/tags?post=1032"}],"curies":[{"name":"wp","href":"https:\/\/api.w.org\/{rel}","templated":true}]}}