{"id":10296,"date":"2014-09-26T11:24:55","date_gmt":"2014-09-26T16:24:55","guid":{"rendered":"https:\/\/radiowebmx.com\/nota\/?p=10296"},"modified":"2014-09-26T11:24:55","modified_gmt":"2014-09-26T16:24:55","slug":"michoacan-en-los-primeros-lugares-de-registro-en-el-concurso-circulos-de-debate-marco-polo","status":"publish","type":"post","link":"https:\/\/radiowebmx.com\/nota\/michoacan-en-los-primeros-lugares-de-registro-en-el-concurso-circulos-de-debate-marco-polo\/","title":{"rendered":"MICHOAC\u00c1N EN LOS PRIMEROS LUGARES DE REGISTRO EN EL CONCURSO \u201cC\u00cdRCULOS DE DEBATE\u201d: MARCO POLO"},"content":{"rendered":"<p><a href=\"https:\/\/radiowebmx.com\/nota\/wp-content\/uploads\/2014\/09\/AL-PRI-001.jpg\"><img loading=\"lazy\" decoding=\"async\" class=\"alignleft size-full wp-image-10297\" alt=\"AL PRI 001\" src=\"https:\/\/radiowebmx.com\/nota\/wp-content\/uploads\/2014\/09\/AL-PRI-001.jpg\" width=\"591\" height=\"624\" srcset=\"https:\/\/radiowebmx.com\/nota\/wp-content\/uploads\/2014\/09\/AL-PRI-001.jpg 591w, https:\/\/radiowebmx.com\/nota\/wp-content\/uploads\/2014\/09\/AL-PRI-001-284x300.jpg 284w\" sizes=\"auto, (max-width: 591px) 100vw, 591px\" \/><\/a>A fin de promover el debate pol\u00edtico como una herramienta democr\u00e1tica, la dirigencia estatal del Partido Revolucionario Institucional, que encabeza Marco Polo Aguirre Ch\u00e1vez, a trav\u00e9s del Instituto de Capacitaci\u00f3n y Desarrollo Pol\u00edtico, A.C. y de la Fundaci\u00f3n Colosio, A.C. hacen un llamado a \u00a0los militantes, cuadros y dirigentes de este Instituto Pol\u00edtico, para que participen en El Programa de C\u00edrculos de Debate.<\/p>\n<p>El presidente del Instituto de Capacitaci\u00f3n y Desarrollo Pol\u00edtico\u00a0 (Icadep) filial Michoac\u00e1n, Aldo Argueta Mart\u00ednez dijo que Michoac\u00e1n es uno de los\u00a0\u00a0 estados con m\u00e1s participaci\u00f3n en el concurso \u201cc\u00edrculos de debate\u201d en todo el pa\u00eds, mencion\u00f3 que la participaci\u00f3n de los j\u00f3venes del interior del estado ha incrementado en comparaci\u00f3n de la edici\u00f3n anterior.<\/p>\n<p>Aguirre Ch\u00e1vez, mencion\u00f3 que el concurso de \u201cC\u00edrculos de Debate\u201d es un acto pol\u00edtico de comunicaci\u00f3n donde se manifiestan diversos planteamientos y opiniones en un espacio plural de intercambio, confrontaci\u00f3n de ideas y propuestas, bajo un clima de tolerancia y respeto.<\/p>\n<p>El presidente del Icadep, Aldo Argueta, hizo un llamado a los interesados a presentar su solicitud de ingreso, que se encuentra disponible en la p\u00e1gina web www.icadep.org.mx y enviar por correo electr\u00f3nico su documentaci\u00f3n a circulosdedebate@icadep.org.mx.<\/p>\n<p>El cierre de la convocatoria ser\u00e1 el 26 de octubre, a partir de ah\u00ed seguir\u00e1 la etapa de audiciones, entre el 29 de septiembre y el 8 de octubre donde se seleccionar\u00e1 a quienes seguir\u00e1n en el proceso de capacitaci\u00f3n, y posteriormente el concurso en su fase estatal y nacional.<\/p>\n","protected":false},"excerpt":{"rendered":"<p>A fin de promover el debate pol\u00edtico como una herramienta democr\u00e1tica, la dirigencia estatal del Partido Revolucionario Institucional, que encabeza Marco Polo Aguirre Ch\u00e1vez, a trav\u00e9s del Instituto de Capacitaci\u00f3n y Desarrollo Pol\u00edtico, A.C. y de la Fundaci\u00f3n Colosio, A.C.<\/p>\n","protected":false},"author":1,"featured_media":10297,"comment_status":"open","ping_status":"open","sticky":false,"template":"","format":"standard","meta":{"footnotes":""},"categories":[14,3],"tags":[],"class_list":["post-10296","post","type-post","status-publish","format-standard","has-post-thumbnail","hentry","category-destacadas","category-gobierno-del-estado-de-michoacan"],"_links":{"self":[{"href":"https:\/\/radiowebmx.com\/nota\/wp-json\/wp\/v2\/posts\/10296","targetHints":{"allow":["GET"]}}],"collection":[{"href":"https:\/\/radiowebmx.com\/nota\/wp-json\/wp\/v2\/posts"}],"about":[{"href":"https:\/\/radiowebmx.com\/nota\/wp-json\/wp\/v2\/types\/post"}],"author":[{"embeddable":true,"href":"https:\/\/radiowebmx.com\/nota\/wp-json\/wp\/v2\/users\/1"}],"replies":[{"embeddable":true,"href":"https:\/\/radiowebmx.com\/nota\/wp-json\/wp\/v2\/comments?post=10296"}],"version-history":[{"count":1,"href":"https:\/\/radiowebmx.com\/nota\/wp-json\/wp\/v2\/posts\/10296\/revisions"}],"predecessor-version":[{"id":10298,"href":"https:\/\/radiowebmx.com\/nota\/wp-json\/wp\/v2\/posts\/10296\/revisions\/10298"}],"wp:featuredmedia":[{"embeddable":true,"href":"https:\/\/radiowebmx.com\/nota\/wp-json\/wp\/v2\/media\/10297"}],"wp:attachment":[{"href":"https:\/\/radiowebmx.com\/nota\/wp-json\/wp\/v2\/media?parent=10296"}],"wp:term":[{"taxonomy":"category","embeddable":true,"href":"https:\/\/radiowebmx.com\/nota\/wp-json\/wp\/v2\/categories?post=10296"},{"taxonomy":"post_tag","embeddable":true,"href":"https:\/\/radiowebmx.com\/nota\/wp-json\/wp\/v2\/tags?post=10296"}],"curies":[{"name":"wp","href":"https:\/\/api.w.org\/{rel}","templated":true}]}}