{"id":10292,"date":"2014-09-26T11:14:00","date_gmt":"2014-09-26T16:14:00","guid":{"rendered":"https:\/\/radiowebmx.com\/nota\/?p=10292"},"modified":"2014-09-26T11:14:00","modified_gmt":"2014-09-26T16:14:00","slug":"michoacan-puede-posicionarse-como-estado-lider-en-el-uso-de-energias-sustentables-salvador-jara-guerrero","status":"publish","type":"post","link":"https:\/\/radiowebmx.com\/nota\/michoacan-puede-posicionarse-como-estado-lider-en-el-uso-de-energias-sustentables-salvador-jara-guerrero\/","title":{"rendered":"MICHOAC\u00c1N PUEDE POSICIONARSE COMO ESTADO L\u00cdDER EN EL USO DE ENERG\u00cdAS SUSTENTABLES: SALVADOR JARA GUERRERO"},"content":{"rendered":"<p><a href=\"https:\/\/radiowebmx.com\/nota\/wp-content\/uploads\/2014\/09\/JARA-EN-LA-002.jpg\"><img loading=\"lazy\" decoding=\"async\" class=\"alignleft size-full wp-image-10293\" alt=\"JARA EN  LA 002\" src=\"https:\/\/radiowebmx.com\/nota\/wp-content\/uploads\/2014\/09\/JARA-EN-LA-002.jpg\" width=\"591\" height=\"248\" srcset=\"https:\/\/radiowebmx.com\/nota\/wp-content\/uploads\/2014\/09\/JARA-EN-LA-002.jpg 591w, https:\/\/radiowebmx.com\/nota\/wp-content\/uploads\/2014\/09\/JARA-EN-LA-002-300x125.jpg 300w\" sizes=\"auto, (max-width: 591px) 100vw, 591px\" \/><\/a>En el marco de la inauguraci\u00f3n del programa de \u201cLiderazgo aplicado en energ\u00edas renovables y eficiencia energ\u00e9tica\u201d, el gobernador Salvador Jara Guerrero indic\u00f3 que por sus potencialidades, Michoac\u00e1n puede posicionarse, en el pa\u00eds y el mundo, como estado l\u00edder y revolucionario en el uso de las energ\u00edas sustentables.<\/p>\n<p>Jara Guerrero agradeci\u00f3 al rector de la Universidad Michoacana, Gerardo Tinoco Ruiz, por haber continuado con ese proyecto que iniciaron juntos cuando el actual Jefe del Ejecutivo estatal estaba al frente de la m\u00e1xima Casa de Estudios de Michoac\u00e1n y en el cual participan docentes e investigadores tanto de la instituci\u00f3n Nicolaita como de la Universidad de Harvard.<\/p>\n<p>Puntualiz\u00f3 que la UMSNH se ha convertido en l\u00edder acad\u00e9mico en la mayor\u00eda de los proyectos que integran ese programa y cuando le hablaron sobre la participaci\u00f3n de Harvard se\u00f1al\u00f3 que no podr\u00eda ser de otra manera porque se estar\u00edan enlazando dos de las mejores universidades, una de M\u00e9xico y la otra de los Estados Unidos.<\/p>\n<p>Resalt\u00f3 que la confianza es esencial para salir adelante y destac\u00f3 que el proyecto tiene sensibilidad social y visi\u00f3n de futuro \u201crealmente inusitadas\u201d, ya que la Secretar\u00eda de Energ\u00eda ha cambiado en esquemas como este y no se trata de que la reforma energ\u00e9tica sea solamente macro en la que M\u00e9xico pueda producir m\u00e1s energ\u00eda para elevar sus n\u00fameros en econom\u00eda.<\/p>\n<p>Jara Guerrero, de que los efectos de la reforma impacten en la poblaci\u00f3n, desde las universidades hasta las zonas m\u00e1s pobres del pa\u00eds; entonces, agreg\u00f3, este proyecto busca conectar todas las innovaciones energ\u00e9ticas desde la investigaci\u00f3n de alto nivel, pasando por la docencia y llegando a la innovaci\u00f3n que puede darse, incluso, en personas que no hayan estudiado.<\/p>\n<p>&nbsp;<\/p>\n","protected":false},"excerpt":{"rendered":"<p>En el marco de la inauguraci\u00f3n del programa de \u201cLiderazgo aplicado en energ\u00edas renovables y eficiencia energ\u00e9tica\u201d, el gobernador Salvador Jara Guerrero indic\u00f3 que por sus potencialidades, Michoac\u00e1n puede posicionarse, <\/p>\n","protected":false},"author":1,"featured_media":10293,"comment_status":"open","ping_status":"open","sticky":false,"template":"","format":"standard","meta":{"footnotes":""},"categories":[14,3],"tags":[],"class_list":["post-10292","post","type-post","status-publish","format-standard","has-post-thumbnail","hentry","category-destacadas","category-gobierno-del-estado-de-michoacan"],"_links":{"self":[{"href":"https:\/\/radiowebmx.com\/nota\/wp-json\/wp\/v2\/posts\/10292","targetHints":{"allow":["GET"]}}],"collection":[{"href":"https:\/\/radiowebmx.com\/nota\/wp-json\/wp\/v2\/posts"}],"about":[{"href":"https:\/\/radiowebmx.com\/nota\/wp-json\/wp\/v2\/types\/post"}],"author":[{"embeddable":true,"href":"https:\/\/radiowebmx.com\/nota\/wp-json\/wp\/v2\/users\/1"}],"replies":[{"embeddable":true,"href":"https:\/\/radiowebmx.com\/nota\/wp-json\/wp\/v2\/comments?post=10292"}],"version-history":[{"count":2,"href":"https:\/\/radiowebmx.com\/nota\/wp-json\/wp\/v2\/posts\/10292\/revisions"}],"predecessor-version":[{"id":10295,"href":"https:\/\/radiowebmx.com\/nota\/wp-json\/wp\/v2\/posts\/10292\/revisions\/10295"}],"wp:featuredmedia":[{"embeddable":true,"href":"https:\/\/radiowebmx.com\/nota\/wp-json\/wp\/v2\/media\/10293"}],"wp:attachment":[{"href":"https:\/\/radiowebmx.com\/nota\/wp-json\/wp\/v2\/media?parent=10292"}],"wp:term":[{"taxonomy":"category","embeddable":true,"href":"https:\/\/radiowebmx.com\/nota\/wp-json\/wp\/v2\/categories?post=10292"},{"taxonomy":"post_tag","embeddable":true,"href":"https:\/\/radiowebmx.com\/nota\/wp-json\/wp\/v2\/tags?post=10292"}],"curies":[{"name":"wp","href":"https:\/\/api.w.org\/{rel}","templated":true}]}}