{"id":10282,"date":"2014-09-26T10:57:24","date_gmt":"2014-09-26T15:57:24","guid":{"rendered":"https:\/\/radiowebmx.com\/nota\/?p=10282"},"modified":"2014-09-26T10:57:24","modified_gmt":"2014-09-26T15:57:24","slug":"salvador-jara-se-pronuncia-por-la-inclusion-de-jovenes-con-discapacidad-al-sector-productivo","status":"publish","type":"post","link":"https:\/\/radiowebmx.com\/nota\/salvador-jara-se-pronuncia-por-la-inclusion-de-jovenes-con-discapacidad-al-sector-productivo\/","title":{"rendered":"SALVADOR JARA SE PRONUNCIA POR LA INCLUSI\u00d3N DE J\u00d3VENES CON DISCAPACIDAD AL SECTOR PRODUCTIVO"},"content":{"rendered":"<p><a href=\"https:\/\/radiowebmx.com\/nota\/wp-content\/uploads\/2014\/09\/DSC_7865.jpg\"><img loading=\"lazy\" decoding=\"async\" class=\"alignleft size-full wp-image-10283\" alt=\"DSC_7865\" src=\"https:\/\/radiowebmx.com\/nota\/wp-content\/uploads\/2014\/09\/DSC_7865.jpg\" width=\"591\" height=\"300\" srcset=\"https:\/\/radiowebmx.com\/nota\/wp-content\/uploads\/2014\/09\/DSC_7865.jpg 591w, https:\/\/radiowebmx.com\/nota\/wp-content\/uploads\/2014\/09\/DSC_7865-300x152.jpg 300w\" sizes=\"auto, (max-width: 591px) 100vw, 591px\" \/><\/a>La entidad requiere de verdaderas pol\u00edticas de inclusi\u00f3n de personas con discapacidad en los distintos \u00e1mbitos, pues a\u00fan prevalecen situaciones de discriminaci\u00f3n hacia dicho segmento de la poblaci\u00f3n, reconoci\u00f3 el gobernador de Michoac\u00e1n, Salvador Jara Guerrero, durante la reuni\u00f3n que sostuvo con Armando Santib\u00e1\u00f1ez R\u00edos, recipiendario de la Presea al M\u00e9rito Juvenil 2011, en la categor\u00eda de Discapacidad e Integraci\u00f3n.<\/p>\n<p>El mandatario estatal se comprometi\u00f3 a impulsar y fortalecer programas dirigidos a quienes enfrentan cualquier tipo de limitante f\u00edsica, as\u00ed como a procurar el pleno respeto a los derechos humanos de los grupos en situaci\u00f3n de vulnerabilidad, sobre todo de quienes se ven imposibilitados a acceder a la preparaci\u00f3n acad\u00e9mica y a un empleo digno.<\/p>\n<p>Recalc\u00f3 que se dise\u00f1ar\u00e1n estrategias para integrar al sector productivo a los j\u00f3venes con discapacidad, sobre todo a los que tienen inter\u00e9s por la preparaci\u00f3n acad\u00e9mica, aptitudes de superaci\u00f3n y deseos de contribuir con el desarrollo de Michoac\u00e1n, tal y como lo demostr\u00f3 Armando al concluir su licenciatura en Derecho y postularse para obtener la beca de la Maestr\u00eda en Ciencias Pol\u00edticas.<\/p>\n<p>&#8220;Es importante que existan mecanismos de integraci\u00f3n de personas con discapacidad para que puedan tener una mejor calidad de vida, ya que son tan valiosas como el resto de la poblaci\u00f3n y tienen todo el derecho de aspirar a la formaci\u00f3n profesional y a un trabajo en donde puedan aplicar sus talentos y capacidades adquiridas&#8221;, expuso.<\/p>\n<p>Durante el encuentro, Jara Guerrero felicit\u00f3 al joven originario de Huetamo por su valent\u00eda y entusiasmo para vencer cada uno de los obst\u00e1culos que se le han presentado como consecuencia de una discapacidad visual cong\u00e9nita, misma que en ning\u00fan momento lo ha detenido para alcanzar sus metas y objetivos.<\/p>\n<p>Por su parte, Armando Santib\u00e1\u00f1ez coment\u00f3 al gobernador que en breve obtendr\u00e1 su t\u00edtulo de licenciatura con la presentaci\u00f3n de un ensayo titulado &#8220;La Exclusi\u00f3n de los Derechos Humanos de las Personas con Discapacidad&#8221;, por lo que pidi\u00f3 apoyo al mandatario michoacano para obtener un empleo digno.<\/p>\n<p>&#8220;Creo que es complicado que la sociedad abra sus puertas a una persona como yo y no porque sean ignorantes sino porque no est\u00e1n preparados para tratarnos; a veces no saben c\u00f3mo dirigirse ante nosotros y es cuando muchas veces nos perjudican al negarnos ciertos derechos&#8221;, analiz\u00f3.<\/p>\n<p>&nbsp;<\/p>\n<p>En la reuni\u00f3n estuvieron presentes Jos\u00e9 Carlos Rodr\u00edguez Pueblita, secretario de Finanzas y Administraci\u00f3n del Gobierno del Estado de Michoac\u00e1n; Dami\u00e1n Ar\u00e9valo Orozco, director de la Facultad de Derecho y Ciencias Sociales de la Universidad Michoacana de San Nicol\u00e1s de Hidalgo (UMSNH); y H\u00e9ctor Ch\u00e1vez Guti\u00e9rrez, jefe de la Divisi\u00f3n de Estudios de Posgrado de la Facultad de Derecho.<\/p>\n","protected":false},"excerpt":{"rendered":"<p>La entidad requiere de verdaderas pol\u00edticas de inclusi\u00f3n de personas con discapacidad en los distintos \u00e1mbitos, pues a\u00fan prevalecen situaciones de discriminaci\u00f3n hacia dicho segmento de la poblaci\u00f3n, reconoci\u00f3 el gobernador de Michoac\u00e1n,<\/p>\n","protected":false},"author":1,"featured_media":10283,"comment_status":"open","ping_status":"open","sticky":false,"template":"","format":"standard","meta":{"footnotes":""},"categories":[14,3],"tags":[],"class_list":["post-10282","post","type-post","status-publish","format-standard","has-post-thumbnail","hentry","category-destacadas","category-gobierno-del-estado-de-michoacan"],"_links":{"self":[{"href":"https:\/\/radiowebmx.com\/nota\/wp-json\/wp\/v2\/posts\/10282","targetHints":{"allow":["GET"]}}],"collection":[{"href":"https:\/\/radiowebmx.com\/nota\/wp-json\/wp\/v2\/posts"}],"about":[{"href":"https:\/\/radiowebmx.com\/nota\/wp-json\/wp\/v2\/types\/post"}],"author":[{"embeddable":true,"href":"https:\/\/radiowebmx.com\/nota\/wp-json\/wp\/v2\/users\/1"}],"replies":[{"embeddable":true,"href":"https:\/\/radiowebmx.com\/nota\/wp-json\/wp\/v2\/comments?post=10282"}],"version-history":[{"count":1,"href":"https:\/\/radiowebmx.com\/nota\/wp-json\/wp\/v2\/posts\/10282\/revisions"}],"predecessor-version":[{"id":10284,"href":"https:\/\/radiowebmx.com\/nota\/wp-json\/wp\/v2\/posts\/10282\/revisions\/10284"}],"wp:featuredmedia":[{"embeddable":true,"href":"https:\/\/radiowebmx.com\/nota\/wp-json\/wp\/v2\/media\/10283"}],"wp:attachment":[{"href":"https:\/\/radiowebmx.com\/nota\/wp-json\/wp\/v2\/media?parent=10282"}],"wp:term":[{"taxonomy":"category","embeddable":true,"href":"https:\/\/radiowebmx.com\/nota\/wp-json\/wp\/v2\/categories?post=10282"},{"taxonomy":"post_tag","embeddable":true,"href":"https:\/\/radiowebmx.com\/nota\/wp-json\/wp\/v2\/tags?post=10282"}],"curies":[{"name":"wp","href":"https:\/\/api.w.org\/{rel}","templated":true}]}}