{"id":10278,"date":"2014-09-26T10:50:38","date_gmt":"2014-09-26T15:50:38","guid":{"rendered":"https:\/\/radiowebmx.com\/nota\/?p=10278"},"modified":"2014-09-26T10:50:38","modified_gmt":"2014-09-26T15:50:38","slug":"en-michoacan-se-sientan-las-bases-para-heredar-orden-en-las-finanzas-publicas-sjg","status":"publish","type":"post","link":"https:\/\/radiowebmx.com\/nota\/en-michoacan-se-sientan-las-bases-para-heredar-orden-en-las-finanzas-publicas-sjg\/","title":{"rendered":"EN MICHOAC\u00c1N SE SIENTAN LAS BASES PARA HEREDAR ORDEN EN LAS FINANZAS P\u00daBLICAS: SJG"},"content":{"rendered":"<p><a href=\"https:\/\/radiowebmx.com\/nota\/wp-content\/uploads\/2014\/09\/DSC_8889.jpg\"><img loading=\"lazy\" decoding=\"async\" class=\"alignleft size-full wp-image-10279\" alt=\"DSC_8889\" src=\"https:\/\/radiowebmx.com\/nota\/wp-content\/uploads\/2014\/09\/DSC_8889.jpg\" width=\"591\" height=\"261\" srcset=\"https:\/\/radiowebmx.com\/nota\/wp-content\/uploads\/2014\/09\/DSC_8889.jpg 591w, https:\/\/radiowebmx.com\/nota\/wp-content\/uploads\/2014\/09\/DSC_8889-300x132.jpg 300w\" sizes=\"auto, (max-width: 591px) 100vw, 591px\" \/><\/a>La presente administraci\u00f3n estatal sentar\u00e1 las bases para heredar una mejor entidad a las nuevas autoridades que arriben el pr\u00f3ximo a\u00f1o, quienes trabajar\u00e1n en un contexto de mayor gobernabilidad y orden en materia de finanzas p\u00fablicas, afirm\u00f3 el gobernador de Michoac\u00e1n, Salvador Jara Guerrero, durante la reuni\u00f3n que sostuvo con los presidentes municipales emanados del Partido de la Revoluci\u00f3n Democr\u00e1tica (PRD).<\/p>\n<p>&#8220;Cualquier decisi\u00f3n que nosotros tomemos ahora tiene que estar dirigida a que se genere un mejor clima de gobernabilidad; siempre debemos tener presente el compromiso que adquirimos de velar por el saneamiento financiero y por la seguridad, dado que son aspectos fundamentales para el buen desempe\u00f1o de un gobierno&#8221;, recalc\u00f3.<\/p>\n<p>Abund\u00f3 que los funcionarios del gabinete del Gobierno del Estado de Michoac\u00e1n recibieron la instrucci\u00f3n de cumplir sus responsabilidades con estricto apego a la ley y en este sentido, es que se est\u00e1 realizando el ejercicio de los recursos p\u00fablicos.<\/p>\n<p>En el marco del encuentro con los ediles de extracci\u00f3n perredista, el mandatario estatal sostuvo que Michoac\u00e1n saldr\u00e1 adelante con la llegada de un gobernante electo con transparencia, que sea plenamente reconocido por la ciudadan\u00eda y sea una figura fuerte para afrontar los retos venideros. A\u00f1adi\u00f3 que el nuevo titular del Poder Ejecutivo en la entidad deber\u00e1 contar con las m\u00ednimas condiciones financieras para comenzar a operar de una manera eficiente.<\/p>\n<p>Consider\u00f3 que es el momento adecuado para asumir la responsabilidad de ajustar el cintur\u00f3n en aras de optimizar al m\u00e1ximo los recursos disponibles en cada una de las dependencias de la administraci\u00f3n.<\/p>\n<p>&#8220;No es conveniente para la entidad que el pr\u00f3ximo gobierno arranque con adeudos tan fuertes como los que estamos recibiendo ahora&#8221;, enfatiz\u00f3 tras escuchar las inquietudes de los alcaldes sobre temas de obra convenida, adeudos y seguridad.<\/p>\n<p>Por su parte, el secretario general del PRD en Michoac\u00e1n, Pascual Sigala P\u00e1ez, refrend\u00f3 el apoyo del PRD as\u00ed como de los ediles emanados de ese instituto pol\u00edtico a las acciones y esfuerzos que est\u00e1 llevando a cabo el gobierno estatal, y celebr\u00f3 que se mantenga la ruta de la legalidad en la entidad.<\/p>\n<p>En tanto, el coordinador de los alcaldes perredistas, Carlos Paredes Torres, edil de Tuxpan, respald\u00f3 a su dirigencia estatal y solicit\u00f3 al Ejecutivo michoacano mantener los canales de comunicaci\u00f3n para contribuir con el saneamiento de las finanzas municipales, as\u00ed como para cumplir con los compromisos de cada una de las alcald\u00edas con la sociedad michoacana.<\/p>\n<p>Asimismo, Jos\u00e9 Carlos Rodr\u00edguez Pueblita, secretario de Finanzas y Administraci\u00f3n estatal, expuso que la dependencia bajo su cargo acelerar\u00e1\u00a0 tramitolog\u00edas de procedimientos operativos para destrabar algunos pendientes de manera inmediata.<\/p>\n<p>&#8220;En lo que se refiere a la obra convenida, debemos esperar la autorizaci\u00f3n del decreto por parte del Congreso local para que se nos permita hacer el ajuste en el contrato de Banobras y de este modo poder pagar; entiendo y comparto la desesperaci\u00f3n, pero nos comprometemos en que echaremos a andar todo lo operativo&#8221;, concluy\u00f3.<\/p>\n<p>En la reuni\u00f3n estuvieron presentes Jaime Mares Camarena, vocal Ejecutivo del Centro Estatal para el Desarrollo Municipal; Alexandro L\u00f3pez C\u00e1rdenas, coordinador de Planeaci\u00f3n para el Desarrollo del Estado; y Rafael Pulido Vel\u00e1zquez, enlace de la Secretar\u00eda de Finanzas y Administraci\u00f3n con los ayuntamientos.<\/p>\n","protected":false},"excerpt":{"rendered":"<p>La presente administraci\u00f3n estatal sentar\u00e1 las bases para heredar una mejor entidad a las nuevas autoridades que arriben el pr\u00f3ximo a\u00f1o, quienes trabajar\u00e1n en un contexto de mayor gobernabilidad y orden en materia de finanzas p\u00fablicas, afirm\u00f3 el gobernador de Michoac\u00e1n, Salvador Jara Guerrero, <\/p>\n","protected":false},"author":1,"featured_media":10279,"comment_status":"open","ping_status":"open","sticky":false,"template":"","format":"standard","meta":{"footnotes":""},"categories":[14,3],"tags":[],"class_list":["post-10278","post","type-post","status-publish","format-standard","has-post-thumbnail","hentry","category-destacadas","category-gobierno-del-estado-de-michoacan"],"_links":{"self":[{"href":"https:\/\/radiowebmx.com\/nota\/wp-json\/wp\/v2\/posts\/10278","targetHints":{"allow":["GET"]}}],"collection":[{"href":"https:\/\/radiowebmx.com\/nota\/wp-json\/wp\/v2\/posts"}],"about":[{"href":"https:\/\/radiowebmx.com\/nota\/wp-json\/wp\/v2\/types\/post"}],"author":[{"embeddable":true,"href":"https:\/\/radiowebmx.com\/nota\/wp-json\/wp\/v2\/users\/1"}],"replies":[{"embeddable":true,"href":"https:\/\/radiowebmx.com\/nota\/wp-json\/wp\/v2\/comments?post=10278"}],"version-history":[{"count":2,"href":"https:\/\/radiowebmx.com\/nota\/wp-json\/wp\/v2\/posts\/10278\/revisions"}],"predecessor-version":[{"id":10281,"href":"https:\/\/radiowebmx.com\/nota\/wp-json\/wp\/v2\/posts\/10278\/revisions\/10281"}],"wp:featuredmedia":[{"embeddable":true,"href":"https:\/\/radiowebmx.com\/nota\/wp-json\/wp\/v2\/media\/10279"}],"wp:attachment":[{"href":"https:\/\/radiowebmx.com\/nota\/wp-json\/wp\/v2\/media?parent=10278"}],"wp:term":[{"taxonomy":"category","embeddable":true,"href":"https:\/\/radiowebmx.com\/nota\/wp-json\/wp\/v2\/categories?post=10278"},{"taxonomy":"post_tag","embeddable":true,"href":"https:\/\/radiowebmx.com\/nota\/wp-json\/wp\/v2\/tags?post=10278"}],"curies":[{"name":"wp","href":"https:\/\/api.w.org\/{rel}","templated":true}]}}