{"id":10274,"date":"2014-09-24T14:07:55","date_gmt":"2014-09-24T19:07:55","guid":{"rendered":"https:\/\/radiowebmx.com\/nota\/?p=10274"},"modified":"2014-09-24T14:07:55","modified_gmt":"2014-09-24T19:07:55","slug":"con-expo-fotografica-sobre-migracion-de-las-monarca-celebran-70-aniversario-de-las-relaciones-diplomaticas-mexico-canada","status":"publish","type":"post","link":"https:\/\/radiowebmx.com\/nota\/con-expo-fotografica-sobre-migracion-de-las-monarca-celebran-70-aniversario-de-las-relaciones-diplomaticas-mexico-canada\/","title":{"rendered":"Con Expo Fotogr\u00e1fica sobre migraci\u00f3n de las Monarca, celebran  70 Aniversario de las Relaciones Diplom\u00e1ticas M\u00e9xico-Canad\u00e1"},"content":{"rendered":"<p>La embajada de Canad\u00e1 en M\u00e9xico, el Gobierno del Estado de Michoac\u00e1n, la Secretar\u00eda de Turismo y la Secretaria de Cultura a trav\u00e9s del Centro Cultural Clavijero, se unen al marco de las celebraciones del 70 aniversario de las Relaciones Diplom\u00e1ticas entre M\u00e9xico y Canad\u00e1, que se celebra durante el presente a\u00f1o con la Exhibici\u00f3n de El Viaje de la Mariposa Monarca.<\/p>\n<p>La cita al evento inaugural es este mi\u00e9rcoles 24 de septiembre a las 19:00 horas en el centro comercial Espacio Las Am\u00e9ricas, donde se contar\u00e1 con la presencia de la Embajadora de Canad\u00e1 en M\u00e9xico, Sara Hradecky.<\/p>\n<p>Se trata de una muestra de 43 asombrosas im\u00e1genes microfotogr\u00e1ficas y fotograf\u00edas a\u00e9reas que se mantendr\u00e1n en exhibici\u00f3n en Espacio Las Am\u00e9ricas hasta el 19 de octubre y aluden a la migraci\u00f3n de las Monarcas desde Montreal hasta el Centro de M\u00e9xico.<\/p>\n<p>La exhibici\u00f3n fue producida por el Museo de la Aviaci\u00f3n y el Espacio de Canad\u00e1 y la Embajada de M\u00e9xico en Canad\u00e1. Cuenta con textos en espa\u00f1ol, ingl\u00e9s y franc\u00e9s y busca tambi\u00e9n representar simb\u00f3licamente los lazos de uni\u00f3n entre ambos pa\u00edses.<\/p>\n<p>La exposici\u00f3n est\u00e1 acompa\u00f1ada de un documental sobre el viaje de Francisco Guti\u00e9rrez, Vico, en busca de los rastros de las Monarcas desde Montreal hasta las monta\u00f1as del centro de M\u00e9xico \u2013 6 mil kil\u00f3metros en 90 horas de vuelo en 72 d\u00edas, o 4 generaciones de mariposas-.<\/p>\n<p>En su ala delta motorizada decorada como una mariposa monarca y llamada \u201cPapalotzin\u201d, el cineasta y piloto mexicano Francisco Guti\u00e9rrez, busca crear consciencia sobre la conservaci\u00f3n del h\u00e1bitat de las mariposas y su fen\u00f3meno migratorio anual.<\/p>\n<p>El evento tiene dos objetivos principales: la protecci\u00f3n de los santuarios de la monarca, y la concientizaci\u00f3n sobre los problemas que enfrenta y profundizar en las soluciones. El Comit\u00e9 Trilateral para la Conservaci\u00f3n y Manejo de la Vida Silvestre y Ecosistemas establecido 1996 a trav\u00e9s del Memor\u00e1ndum de Entendimiento entre Canad\u00e1, M\u00e9xico y los Estados Unidos, logr\u00f3 la creaci\u00f3n de una Red de \u00c1reas Protegidas Compartidas para la protecci\u00f3n de su h\u00e1bitat y el desarrollo sustentablemente de comunidades locales.<\/p>\n<p>El Plan de Am\u00e9rica del Norte para la Conservaci\u00f3n de la Mariposa Monarca, coordina los esfuerzos trilaterales para su conservaci\u00f3n con apoyo de la Comisi\u00f3n para la Cooperaci\u00f3n Ambiental, resultante del Acuerdo de Cooperaci\u00f3n Ambiental de Am\u00e9rica del Norte que entr\u00f3 en vigor junto con el Tratado de Libre Comercio de Am\u00e9rica del Norte (TLCAN).<\/p>\n","protected":false},"excerpt":{"rendered":"<p>La embajada de Canad\u00e1 en M\u00e9xico, el Gobierno del Estado de Michoac\u00e1n, la Secretar\u00eda de Turismo y la Secretaria de Cultura a trav\u00e9s del Centro Cultural Clavijero, se unen al marco de las celebraciones del 70 aniversario de las Relaciones Diplom\u00e1ticas entre M\u00e9xico y Canad\u00e1, <\/p>\n","protected":false},"author":1,"featured_media":0,"comment_status":"open","ping_status":"open","sticky":false,"template":"","format":"standard","meta":{"footnotes":""},"categories":[3],"tags":[],"class_list":["post-10274","post","type-post","status-publish","format-standard","hentry","category-gobierno-del-estado-de-michoacan"],"_links":{"self":[{"href":"https:\/\/radiowebmx.com\/nota\/wp-json\/wp\/v2\/posts\/10274","targetHints":{"allow":["GET"]}}],"collection":[{"href":"https:\/\/radiowebmx.com\/nota\/wp-json\/wp\/v2\/posts"}],"about":[{"href":"https:\/\/radiowebmx.com\/nota\/wp-json\/wp\/v2\/types\/post"}],"author":[{"embeddable":true,"href":"https:\/\/radiowebmx.com\/nota\/wp-json\/wp\/v2\/users\/1"}],"replies":[{"embeddable":true,"href":"https:\/\/radiowebmx.com\/nota\/wp-json\/wp\/v2\/comments?post=10274"}],"version-history":[{"count":1,"href":"https:\/\/radiowebmx.com\/nota\/wp-json\/wp\/v2\/posts\/10274\/revisions"}],"predecessor-version":[{"id":10275,"href":"https:\/\/radiowebmx.com\/nota\/wp-json\/wp\/v2\/posts\/10274\/revisions\/10275"}],"wp:attachment":[{"href":"https:\/\/radiowebmx.com\/nota\/wp-json\/wp\/v2\/media?parent=10274"}],"wp:term":[{"taxonomy":"category","embeddable":true,"href":"https:\/\/radiowebmx.com\/nota\/wp-json\/wp\/v2\/categories?post=10274"},{"taxonomy":"post_tag","embeddable":true,"href":"https:\/\/radiowebmx.com\/nota\/wp-json\/wp\/v2\/tags?post=10274"}],"curies":[{"name":"wp","href":"https:\/\/api.w.org\/{rel}","templated":true}]}}