{"id":10269,"date":"2014-09-24T14:05:13","date_gmt":"2014-09-24T19:05:13","guid":{"rendered":"https:\/\/radiowebmx.com\/nota\/?p=10269"},"modified":"2014-09-24T14:05:52","modified_gmt":"2014-09-24T19:05:52","slug":"michoacan-compite-por-premio-nacional-a-traves-de-la-contraloria-social-de-el-sabino","status":"publish","type":"post","link":"https:\/\/radiowebmx.com\/nota\/michoacan-compite-por-premio-nacional-a-traves-de-la-contraloria-social-de-el-sabino\/","title":{"rendered":"MICHOAC\u00c1N COMPITE POR PREMIO NACIONAL A TRAV\u00c9S DE LA CONTRALOR\u00cdA SOCIAL DE \u201cEL SABINO\u201d"},"content":{"rendered":"<p><a href=\"https:\/\/radiowebmx.com\/nota\/wp-content\/uploads\/2014\/09\/IMG_4429.jpg\"><img loading=\"lazy\" decoding=\"async\" class=\"alignleft size-full wp-image-10270\" alt=\"IMG_4429\" src=\"https:\/\/radiowebmx.com\/nota\/wp-content\/uploads\/2014\/09\/IMG_4429.jpg\" width=\"591\" height=\"334\" srcset=\"https:\/\/radiowebmx.com\/nota\/wp-content\/uploads\/2014\/09\/IMG_4429.jpg 591w, https:\/\/radiowebmx.com\/nota\/wp-content\/uploads\/2014\/09\/IMG_4429-300x169.jpg 300w, https:\/\/radiowebmx.com\/nota\/wp-content\/uploads\/2014\/09\/IMG_4429-128x72.jpg 128w\" sizes=\"auto, (max-width: 591px) 100vw, 591px\" \/><\/a>Michoac\u00e1n destacar\u00e1 una vez m\u00e1s a nivel nacional por el esfuerzo y trabajo de sus ciudadanos, esta vez, se trata de la labor de las mujeres de la comunidad de \u201cEl Sabino\u201d, en el municipio de Uruapan, quienes forman parte del Comit\u00e9 de Contralor\u00eda Social y por su dedicaci\u00f3n merecieron el primer lugar del Concurso Estatal de Contralor\u00eda Social, pero adem\u00e1s, ahora participar\u00e1n por lograr la misma posici\u00f3n en la convocatoria al Premio Nacional de Contralor\u00eda Social 2014, organizado por la Secretar\u00eda de la Funci\u00f3n P\u00fablica.<\/p>\n<p>Mediante el programa \u201cTodos Atentos por un Bien Com\u00fan\u201d, nueve mujeres uruapenses encargadas de vigilar el programa Caravanas de la Salud, ganaron la etapa estatal, de tal forma que ahora participar\u00e1n en la fase federal.<\/p>\n<p>En el marco de la Caravana de la Salud realizada en este municipio, y acompa\u00f1ado del secretario de Salud de la entidad, Carlos Aranza Doniz, el coordinador de Contralor\u00eda del Estado, Gabriel Joaqu\u00edn Montiel Aguilar, recalc\u00f3 que para el gobierno que encabeza Salvador Jara Guerrero, uno de los compromisos es lograr un Michoac\u00e1n Honesto, en el que la participaci\u00f3n social sea mayor y en donde los ciudadanos tengan la alternativa de ayudar a sus gobiernos a lograr mejores condiciones y en m\u00ednimos tiempos.<\/p>\n<p>Refiri\u00f3 que el subsecretario de la Funci\u00f3n P\u00fablica, Ra\u00fal S\u00e1nchez Kobashi, cuando visit\u00f3 nuestra entidad con motivo de la Sesi\u00f3n Plenaria de la Comisi\u00f3n Permanente de Contralores Estado-Municipios de Michoac\u00e1n, coment\u00f3 que apostaba a que Michoac\u00e1n pod\u00eda llevarse el primer lugar de ese certamen.<\/p>\n<p>Por ello, agradeci\u00f3 al gobernador Salvador Jara, al secretario de Salud de Michoac\u00e1n, Carlos Aranza Doniz y al presidente municipal de Uruapan, Aldo Mac\u00edas Alejandres, por respaldar el trabajo de la Contralor\u00eda estatal y de las Contralor\u00edas Sociales, para presentar un proyecto mejorado con la misma esencia de los hombres y mujeres de \u201cEl Sabino\u201d.<\/p>\n<p>Por su parte, el titular de la SSM, Carlos Aranza, puntualiz\u00f3 que ahora corresponde continuar con las tareas efectuadas tanto por el gobierno estatal como por el ayuntamiento de Uruapan, y la propia localidad para lograr ese primer lugar nacional de Contralor\u00eda Social.<\/p>\n<p>\u201cMichoac\u00e1n y esta comunidad lo tienen todo para ganar, tienen la uni\u00f3n, el entusiasmo, las ganas y la necesidad, por qu\u00e9 no aspirar a que un modelo como el que se est\u00e1 presentando pueda ser el representativo para todas y cada una de las comunidades alejadas de M\u00e9xico\u201d, expres\u00f3 Aranza Doniz.<\/p>\n<p>&nbsp;<\/p>\n<p>Record\u00f3 que las Caravanas de la Salud representan la oportunidad de llevar a la poblaci\u00f3n vacunas, servicios y consultas m\u00e9dicas, disminuir la mortalidad materna, que hoy d\u00eda es un indicador de subdesarrollo.<\/p>\n<p>Explic\u00f3 que la estrategia de Contralor\u00eda Social se fundamenta en la actualizaci\u00f3n de los Comit\u00e9s Locales de Salud, constituidos en las localidades subsede de las rutas de las Unidades M\u00e9dicas M\u00f3viles del programa de Caravanas de la Salud. As\u00ed, en cada una de las localidades hay un Comit\u00e9 Local de Salud, sin embargo en \u201cEl Sabino\u201d se cuenta tambi\u00e9n con un Comit\u00e9 de Contralor\u00eda Social.<\/p>\n<p>En tanto que Patricia Galindo Murillo, responsable de la Unidad M\u00e9dica M\u00f3vil \u201cEl Mirador\u201d, dio a conocer las acciones que lleva la Caravana de la Salud, la cual pertenece a la Jurisdicci\u00f3n Sanitaria 5 de Uruapan que abarca 12 localidades de responsabilidad, con una poblaci\u00f3n de 2 mil 607 personas. \u201cEl Sabino\u201d, es una localidad subsede con 627 personas.<\/p>\n<p><b>UN COMIT\u00c9 DE CONTRALOR\u00cdA SOCIAL EJEMPLAR<\/b><\/p>\n<p>El Comit\u00e9 de Contralor\u00eda Social de \u201cEl Sabino\u201d est\u00e1 constituido desde el a\u00f1o 2012, por nueve mujeres: Isabel P\u00e9rez Rodr\u00edguez, Albertina Paz Rico, Catalina Palominos Trejo, Ester Vivera Maga\u00f1a, Esperanza Cerda Navarro, Reyna Morales Navarro, Eulalia Navarro Rangel, Rosa Mar\u00eda Navarro Le\u00f3n y la presidenta del Comit\u00e9, Patricia Pi\u00f1\u00f3n Amezcua.<\/p>\n<p>El trabajo que ha realizado el Comit\u00e9 de Contralor\u00eda Social con el apoyo de la comunidad, es la participaci\u00f3n de los beneficiarios para supervisar y vigilar que los servicios que se reciben a trav\u00e9s del programa Caravanas de la Salud se proporcionen con transparencia, oportunidad y calidad.<\/p>\n<p>Dentro de las actividades que realiza esta la de supervisar y vigilar las acciones de promoci\u00f3n, prevenci\u00f3n y prestaci\u00f3n de la salud, y dentro de \u00e9stas, recibir la visita de las Caravanas de la Salud por parte de la Unidad M\u00e9dica M\u00f3vil \u201cCaravana El Mirador\u201d, con el respectivo monitoreo y registro de las actividades que la unidad realiza.<\/p>\n<p>Una de las tareas del Comit\u00e9 es recibir y atender quejas y denuncias, as\u00ed como orientar a la poblaci\u00f3n en el adecuado llenado de los formatos y el procedimiento que se lleva a cabo para la queja, sugerencia o felicitaci\u00f3n, adem\u00e1s de informar en Asamblea P\u00fablica sobre las respuestas a las quejas y denuncias presentadas.<\/p>\n<p>Tambi\u00e9n tiene a su cargo sensibilizar e involucrar a la comunidad con sentido de corresponsabilidad a participar y vigilar que el personal de la Unidad M\u00e9dica presente los servicios de la salud a quienes tienen derecho, adem\u00e1s de apoyar la labor de la Unidad para fomentar el auto cuidado de la salud en el individuo.<\/p>\n<p>En esta Caravana se cont\u00f3 con la presencia del alcalde de Uruapan Aldo Mac\u00edas Alejandres; Leticia Bibriesca S\u00e1nchez, contralora del Ayuntamiento de Uruapan; Secundino Navarro Garc\u00eda, encargado del orden de la comunidad \u201cEl Sabino\u201d, entre otros.<\/p>\n","protected":false},"excerpt":{"rendered":"<p>Michoac\u00e1n destacar\u00e1 una vez m\u00e1s a nivel nacional por el esfuerzo y trabajo de sus ciudadanos, esta vez, se trata de la labor de las mujeres de la comunidad de \u201cEl Sabino\u201d,<\/p>\n","protected":false},"author":1,"featured_media":10270,"comment_status":"open","ping_status":"open","sticky":false,"template":"","format":"standard","meta":{"footnotes":""},"categories":[14,3],"tags":[],"class_list":["post-10269","post","type-post","status-publish","format-standard","has-post-thumbnail","hentry","category-destacadas","category-gobierno-del-estado-de-michoacan"],"_links":{"self":[{"href":"https:\/\/radiowebmx.com\/nota\/wp-json\/wp\/v2\/posts\/10269","targetHints":{"allow":["GET"]}}],"collection":[{"href":"https:\/\/radiowebmx.com\/nota\/wp-json\/wp\/v2\/posts"}],"about":[{"href":"https:\/\/radiowebmx.com\/nota\/wp-json\/wp\/v2\/types\/post"}],"author":[{"embeddable":true,"href":"https:\/\/radiowebmx.com\/nota\/wp-json\/wp\/v2\/users\/1"}],"replies":[{"embeddable":true,"href":"https:\/\/radiowebmx.com\/nota\/wp-json\/wp\/v2\/comments?post=10269"}],"version-history":[{"count":3,"href":"https:\/\/radiowebmx.com\/nota\/wp-json\/wp\/v2\/posts\/10269\/revisions"}],"predecessor-version":[{"id":10273,"href":"https:\/\/radiowebmx.com\/nota\/wp-json\/wp\/v2\/posts\/10269\/revisions\/10273"}],"wp:featuredmedia":[{"embeddable":true,"href":"https:\/\/radiowebmx.com\/nota\/wp-json\/wp\/v2\/media\/10270"}],"wp:attachment":[{"href":"https:\/\/radiowebmx.com\/nota\/wp-json\/wp\/v2\/media?parent=10269"}],"wp:term":[{"taxonomy":"category","embeddable":true,"href":"https:\/\/radiowebmx.com\/nota\/wp-json\/wp\/v2\/categories?post=10269"},{"taxonomy":"post_tag","embeddable":true,"href":"https:\/\/radiowebmx.com\/nota\/wp-json\/wp\/v2\/tags?post=10269"}],"curies":[{"name":"wp","href":"https:\/\/api.w.org\/{rel}","templated":true}]}}