{"id":10242,"date":"2014-09-24T12:35:39","date_gmt":"2014-09-24T17:35:39","guid":{"rendered":"https:\/\/radiowebmx.com\/nota\/?p=10242"},"modified":"2014-09-24T12:35:39","modified_gmt":"2014-09-24T17:35:39","slug":"el-municipio-de-huiramba-te-invita-a-su-terecer-festival-de-danza-nacional-y-musica-tradiional","status":"publish","type":"post","link":"https:\/\/radiowebmx.com\/nota\/el-municipio-de-huiramba-te-invita-a-su-terecer-festival-de-danza-nacional-y-musica-tradiional\/","title":{"rendered":"El MUNICIPIO DE  HUIRAMBA  TE INVITA A SU TERECER FESTIVAL  DE DANZA NACIONAL  Y M\u00daSICA TRADIIONAL."},"content":{"rendered":"<p><a href=\"https:\/\/radiowebmx.com\/nota\/wp-content\/uploads\/2014\/09\/RUEDA-DE-PRENSA-HUIRAMBA-Y-PATZANGAN-2014.-007.jpg\"><img loading=\"lazy\" decoding=\"async\" class=\"alignleft size-full wp-image-10243\" alt=\"RUEDA DE PRENSA HUIRAMBA Y PATZANGAN 2014. 007\" src=\"https:\/\/radiowebmx.com\/nota\/wp-content\/uploads\/2014\/09\/RUEDA-DE-PRENSA-HUIRAMBA-Y-PATZANGAN-2014.-007.jpg\" width=\"591\" height=\"326\" srcset=\"https:\/\/radiowebmx.com\/nota\/wp-content\/uploads\/2014\/09\/RUEDA-DE-PRENSA-HUIRAMBA-Y-PATZANGAN-2014.-007.jpg 591w, https:\/\/radiowebmx.com\/nota\/wp-content\/uploads\/2014\/09\/RUEDA-DE-PRENSA-HUIRAMBA-Y-PATZANGAN-2014.-007-300x165.jpg 300w, https:\/\/radiowebmx.com\/nota\/wp-content\/uploads\/2014\/09\/RUEDA-DE-PRENSA-HUIRAMBA-Y-PATZANGAN-2014.-007-284x158.jpg 284w, https:\/\/radiowebmx.com\/nota\/wp-content\/uploads\/2014\/09\/RUEDA-DE-PRENSA-HUIRAMBA-Y-PATZANGAN-2014.-007-128x72.jpg 128w\" sizes=\"auto, (max-width: 591px) 100vw, 591px\" \/><\/a>autoridades municipales\u00a0 en coordinaci\u00f3n, con\u00a0 la Direcci\u00f3n de Ferias, Exposiciones y Eventos del Estado, hacen una cordial invitaci\u00f3n a su tercer festival de Danza y M\u00fasica Tradicional, que se llevar\u00e1 a cobo del 29 de Septiembre al 9 de Octubre 2014, con la participaci\u00f3n de los Municipios Colindantes con Huiramba, como es Morelia, P\u00e1tzcuaro, Lagunillas, Tzintzuntzan, Acuitzio\u00a0 y algunas comunidades, como es Chihuero, Santiago Undameo,\u00a0 Cucuchucho y Uhasanastakua entro otras, este festival se realizar\u00e1 en diferentes comunidades teniendo como sede el Municipio de Huiramba, \u00a0es donde nace la idea de sumar esfuerzos con los Municipio y comunidades cercanas.<\/p>\n<p>Estos festejos se realizan cada a\u00f1o con el motivo del santo patrono del Pueblo y del\u00a0 64 aniversario de la elevaci\u00f3n a Municipio Libre y Soberano,\u00a0 este municipio se encuentra a 32 Kilometros de la Ciudad de Morelia por la Carretera A la Ciudad de P\u00e1tzcuaro,\u00a0 la inauguraci\u00f3n se llevar\u00e1 acabo el d\u00eda29 de Septiembre\u00a0 2014, a las\u00a0 18:00 Hs. P.M. \u00a0Todos los eventos ser\u00e1n gratuitos, as\u00ed\u00a0 lo dieron a conocer en rueda de Prensa, \u00a0la Lic. Elvira Contreras Adame, la cual acudi\u00f3\u00a0 en representaci\u00f3n del Director, De Ferias del Estado, Lic. Zeus Rodr\u00edguez Miranda, \u00a0el Presidente Municipal, de Huiramba, Dr. Servando Garc\u00eda Sol\u00f3rzano, y el Director de Cultura Municipal, Miguel Fuentes Granados.<\/p>\n","protected":false},"excerpt":{"rendered":"<p>autoridades municipales  en coordinaci\u00f3n, con  la Direcci\u00f3n de Ferias, Exposiciones y Eventos del Estado, hacen una cordial invitaci\u00f3n a su tercer festival de Danza y M\u00fasica Tradicional, que se llevar\u00e1 a cobo del 29 de Septiembre al 9 de Octubre 2014,<\/p>\n","protected":false},"author":1,"featured_media":10243,"comment_status":"open","ping_status":"open","sticky":false,"template":"","format":"standard","meta":{"footnotes":""},"categories":[14],"tags":[],"class_list":["post-10242","post","type-post","status-publish","format-standard","has-post-thumbnail","hentry","category-destacadas"],"_links":{"self":[{"href":"https:\/\/radiowebmx.com\/nota\/wp-json\/wp\/v2\/posts\/10242","targetHints":{"allow":["GET"]}}],"collection":[{"href":"https:\/\/radiowebmx.com\/nota\/wp-json\/wp\/v2\/posts"}],"about":[{"href":"https:\/\/radiowebmx.com\/nota\/wp-json\/wp\/v2\/types\/post"}],"author":[{"embeddable":true,"href":"https:\/\/radiowebmx.com\/nota\/wp-json\/wp\/v2\/users\/1"}],"replies":[{"embeddable":true,"href":"https:\/\/radiowebmx.com\/nota\/wp-json\/wp\/v2\/comments?post=10242"}],"version-history":[{"count":1,"href":"https:\/\/radiowebmx.com\/nota\/wp-json\/wp\/v2\/posts\/10242\/revisions"}],"predecessor-version":[{"id":10244,"href":"https:\/\/radiowebmx.com\/nota\/wp-json\/wp\/v2\/posts\/10242\/revisions\/10244"}],"wp:featuredmedia":[{"embeddable":true,"href":"https:\/\/radiowebmx.com\/nota\/wp-json\/wp\/v2\/media\/10243"}],"wp:attachment":[{"href":"https:\/\/radiowebmx.com\/nota\/wp-json\/wp\/v2\/media?parent=10242"}],"wp:term":[{"taxonomy":"category","embeddable":true,"href":"https:\/\/radiowebmx.com\/nota\/wp-json\/wp\/v2\/categories?post=10242"},{"taxonomy":"post_tag","embeddable":true,"href":"https:\/\/radiowebmx.com\/nota\/wp-json\/wp\/v2\/tags?post=10242"}],"curies":[{"name":"wp","href":"https:\/\/api.w.org\/{rel}","templated":true}]}}