{"id":10227,"date":"2014-09-23T12:29:56","date_gmt":"2014-09-23T17:29:56","guid":{"rendered":"https:\/\/radiowebmx.com\/nota\/?p=10227"},"modified":"2014-09-23T12:29:56","modified_gmt":"2014-09-23T17:29:56","slug":"colaborara-spi-en-implementacion-del-nuevo-sistema-de-justicia-penal-en-michoacan","status":"publish","type":"post","link":"https:\/\/radiowebmx.com\/nota\/colaborara-spi-en-implementacion-del-nuevo-sistema-de-justicia-penal-en-michoacan\/","title":{"rendered":"COLABORAR\u00c1 SPI EN IMPLEMENTACI\u00d3N DEL NUEVO SISTEMA DE JUSTICIA PENAL EN MICHOAC\u00c1N"},"content":{"rendered":"<p><a href=\"https:\/\/radiowebmx.com\/nota\/wp-content\/uploads\/2014\/09\/firma.jpg\"><img loading=\"lazy\" decoding=\"async\" class=\"alignleft size-full wp-image-10228\" alt=\"firma\" src=\"https:\/\/radiowebmx.com\/nota\/wp-content\/uploads\/2014\/09\/firma.jpg\" width=\"591\" height=\"249\" srcset=\"https:\/\/radiowebmx.com\/nota\/wp-content\/uploads\/2014\/09\/firma.jpg 591w, https:\/\/radiowebmx.com\/nota\/wp-content\/uploads\/2014\/09\/firma-300x126.jpg 300w\" sizes=\"auto, (max-width: 591px) 100vw, 591px\" \/><\/a>Con el prop\u00f3sito de difundir y capacitar a los abogados y traductores de lenguas ind\u00edgenas, sobre el Nuevo Sistema Procesal Penal Acusatorio, la Secretar\u00eda de Pueblos Ind\u00edgenas del estado, colaborar\u00e1 con el Consejo para el Nuevo Sistema de Justicia Penal en Michoac\u00e1n.<\/p>\n<p>As\u00ed qued\u00f3 de manifiesto durante la firma de convenio entre dicha dependencia estatal encabezada por su titular, Juan Zacar\u00edas Paz, y la secretaria Ejecutiva del Consejo, Mar\u00eda de los \u00c1ngeles Llanderal Zaragoza, quien destac\u00f3 que la capacitaci\u00f3n se dirigir\u00e1 a autoridades comunales y poblaci\u00f3n ind\u00edgena.<\/p>\n<p>El convenio tendr\u00e1 una duraci\u00f3n de dos a\u00f1os a partir de su\u00a0 firma y permitir\u00e1 que ambas instituciones realicen acciones conjuntas, ya que para el Consejo implementador, la participaci\u00f3n de esta instituci\u00f3n es de suma importancia.<\/p>\n<p>El titular de la SPI, Juan Zacar\u00edas Paz, se\u00f1al\u00f3 que el acuerdo permitir\u00e1 dotar a las comunidades de herramientas para que tanto v\u00edctimas como imputados, puedan recibir asesor\u00eda y defensa legal adecuadas; \u201cy esto comenzar\u00e1 con la capacitaci\u00f3n y formaci\u00f3n de int\u00e9rpretes y de asesores legales emanados de los pueblos originarios&#8221;.<\/p>\n<p>Explic\u00f3 que en el marco de este convenio de colaboraci\u00f3n, a la Secretar\u00eda de Pueblos Ind\u00edgenas le corresponder\u00e1 realizar talleres dirigidos a la poblaci\u00f3n originaria, interesada en conocer y comprender de manera general los aspectos esenciales del Nuevo Sistema Penal Acusatorio; esto como base para difundirlo plenamente en la totalidad de los pueblos originarios p\u2019urh\u00e9pecha, Nahua, H\u00f1ah\u00f1\u00fa u Otom\u00ed, J\u00f1atjo o Mazahua, Matlatzinca o Pirinda y a todos aquellos que preservan todas o parte de sus instituciones econ\u00f3micas, sociales, culturales, pol\u00edticas y territoriales.<\/p>\n<p>Mientras que Mar\u00eda de los \u00c1ngeles Llanderal inform\u00f3 que es necesario capacitar a otros operadores (defensores privados, estudiantes, profesores, periodistas), y especialmente para la formaci\u00f3n de traductores de las lenguas ind\u00edgenas que tendr\u00e1n un papel fundamental en la defensa y orientaci\u00f3n legal a imputados y v\u00edctimas del delito.<\/p>\n<p>En el marco de la 70\u00b0 sesi\u00f3n ordinaria del \u00f3rgano implementador, Llanderal Zaragoza rindi\u00f3 informe sobre las actividades que la instancia ejecutora ha desarrollado en el periodo de 21 de agosto al 17 de septiembre del presente a\u00f1o.<\/p>\n<p>Dio a conocer que en el eje de normatividad se contin\u00faan los trabajos para la armonizaci\u00f3n legislativa para adecuar la Ley de Bienes Asegurados y Decomisados del Estado de Michoac\u00e1n, La Ley de Seguridad P\u00fablica del Estado, as\u00ed como la Fiscal\u00eda General de la entidad.<\/p>\n<p>Por otro lado, la secretaria ejecutiva coment\u00f3 que se concluyeron 15 cursos dirigidos a los operadores de la Procuradur\u00eda General de Justicia del Estado de Michoac\u00e1n (PGJE), Secretar\u00eda de Seguridad P\u00fablica (SSP), Defensor\u00eda P\u00fablica y Poder Judicial del Estado. Adem\u00e1s se encuentran en desarrollo siete e iniciar\u00e1n 34 cuatro m\u00e1s en pr\u00f3ximas fechas.<\/p>\n<p>Todos ellos, dirigidos a mediadores-conciliadores, ministerios p\u00fablicos, peritos, jueces, polic\u00eda investigadora, personal penitenciario, polic\u00edas preventivos, defensores p\u00fablicos de Morelia, Zit\u00e1cuaro, Uruapan y Zamora, regiones en la que entrar\u00e1 en vigencia el nuevo sistema en el a\u00f1o 2015; las dos primeras el 7 de marzo y las dos \u00faltimas el 3 de agosto.<\/p>\n<p>Inform\u00f3 adem\u00e1s, que se realiz\u00f3 el curso-taller \u201cPeriodismo en el Nuevo Sistema de Justicia Penal\u201d dirigido a los medios de comunicaci\u00f3n de las regiones Uruapan y Zit\u00e1cuaro, mientras que en pr\u00f3ximas fechas se pondr\u00e1 en marcha en las cuatro regiones restantes.<\/p>\n<p>Tambi\u00e9n dio los pormenores de los avances en los ejes de tecnolog\u00eda de la informaci\u00f3n, infraestructura y difusi\u00f3n.<\/p>\n<p>&nbsp;<\/p>\n<p>&nbsp;<\/p>\n","protected":false},"excerpt":{"rendered":"<p>Con el prop\u00f3sito de difundir y capacitar a los abogados y traductores de lenguas ind\u00edgenas, sobre el Nuevo Sistema Procesal Penal Acusatorio, la Secretar\u00eda de Pueblos Ind\u00edgenas del estado, colaborar\u00e1 con el Consejo para el Nuevo Sistema de Justicia Penal en Michoac\u00e1n.<\/p>\n","protected":false},"author":1,"featured_media":10228,"comment_status":"open","ping_status":"open","sticky":false,"template":"","format":"standard","meta":{"footnotes":""},"categories":[14,3],"tags":[],"class_list":["post-10227","post","type-post","status-publish","format-standard","has-post-thumbnail","hentry","category-destacadas","category-gobierno-del-estado-de-michoacan"],"_links":{"self":[{"href":"https:\/\/radiowebmx.com\/nota\/wp-json\/wp\/v2\/posts\/10227","targetHints":{"allow":["GET"]}}],"collection":[{"href":"https:\/\/radiowebmx.com\/nota\/wp-json\/wp\/v2\/posts"}],"about":[{"href":"https:\/\/radiowebmx.com\/nota\/wp-json\/wp\/v2\/types\/post"}],"author":[{"embeddable":true,"href":"https:\/\/radiowebmx.com\/nota\/wp-json\/wp\/v2\/users\/1"}],"replies":[{"embeddable":true,"href":"https:\/\/radiowebmx.com\/nota\/wp-json\/wp\/v2\/comments?post=10227"}],"version-history":[{"count":1,"href":"https:\/\/radiowebmx.com\/nota\/wp-json\/wp\/v2\/posts\/10227\/revisions"}],"predecessor-version":[{"id":10229,"href":"https:\/\/radiowebmx.com\/nota\/wp-json\/wp\/v2\/posts\/10227\/revisions\/10229"}],"wp:featuredmedia":[{"embeddable":true,"href":"https:\/\/radiowebmx.com\/nota\/wp-json\/wp\/v2\/media\/10228"}],"wp:attachment":[{"href":"https:\/\/radiowebmx.com\/nota\/wp-json\/wp\/v2\/media?parent=10227"}],"wp:term":[{"taxonomy":"category","embeddable":true,"href":"https:\/\/radiowebmx.com\/nota\/wp-json\/wp\/v2\/categories?post=10227"},{"taxonomy":"post_tag","embeddable":true,"href":"https:\/\/radiowebmx.com\/nota\/wp-json\/wp\/v2\/tags?post=10227"}],"curies":[{"name":"wp","href":"https:\/\/api.w.org\/{rel}","templated":true}]}}