{"id":1022,"date":"2013-01-25T12:20:56","date_gmt":"2013-01-25T18:20:56","guid":{"rendered":"https:\/\/radiowebmx.com\/nota\/?p=1022"},"modified":"2013-01-25T12:20:56","modified_gmt":"2013-01-25T18:20:56","slug":"inaugura-wlm-y-juanma-escuela-municipal-de-box","status":"publish","type":"post","link":"https:\/\/radiowebmx.com\/nota\/inaugura-wlm-y-juanma-escuela-municipal-de-box\/","title":{"rendered":"Inaugura WLM y \u201cJuanma\u201d Escuela Municipal de Box"},"content":{"rendered":"<p>En presencia del edil moreliano, Wilfrido L\u00e1zaro Medina y el campe\u00f3n mundial mexicano, Juan Manuel M\u00e1rquez, esta tarde fue inaugurada la Escuela Municipal de Box, ubicada en la Unidad Deportiva Bicentenario, la cual inici\u00f3 con el pie derecho pues \u201cJuanma\u201d y el promotor Fernando Beltr\u00e1n, se comprometieron a regalar dos ring profesionales.<\/p>\n<p>&#8220;A los j\u00f3venes y ni\u00f1os que van a forma parte de esta escuela municipal de box, es porque quieren llegar a ser alguien, que van a pelear por un sue\u00f1o y ese es el mensaje que nos deja el gran campe\u00f3n Juan Manuel M\u00e1rquez, y no nada m\u00e1s para ser campeones sino para ser hombres y mujeres de bien, para ser morelianos disciplinados, porque el deporte nos lleva a lo mejor de la vida&#8221;, dijo el edil capitalino.<\/p>\n<p>Por su parte, el campe\u00f3n Juan Manuel M\u00e1rquez destac\u00f3 \u201ces muy importante fomentar el deporte en estos muchachos y para mi es un gran honor inaugurar este gimnasio y esta escuela de boxeo; ojal\u00e1 que la gente que practica este deporte le eche muchas ganas y la gente que lo est\u00e1 apoyando lo haga de la misma manera para que de aqu\u00ed salgan muchos campeones del mundo&#8221;.<\/p>\n<p>&#8211;\u00a0\u00a0\u00a0\u00a0\u00a0\u00a0 Tarjeta informativa<\/p>\n<p>&nbsp;<\/p>\n<p>&#8211;\u00a0\u00a0\u00a0\u00a0\u00a0\u00a0 El Presidente de la escuela municipal es Michael Madai, quien design\u00f3 como entrenador a Omar Garnica, debido a su amplia experiencia con los talentos deportivos.<\/p>\n<p>&nbsp;<\/p>\n<p>&#8211;\u00a0\u00a0\u00a0\u00a0\u00a0\u00a0 Los auxiliares del entrenador principal ser\u00e1n Ricardo Gordillo y Soledad Vargas.<\/p>\n<p>&nbsp;<\/p>\n<p>&#8211;\u00a0\u00a0\u00a0\u00a0\u00a0\u00a0 La escuela tendr\u00e1 como sede, las instalaciones de la Unidad Deportiva Bicentenario.<\/p>\n<p>&nbsp;<\/p>\n<p>&nbsp;<\/p>\n<p>&#8211;\u00a0\u00a0\u00a0\u00a0\u00a0\u00a0 Los horarios en lo que se trabajar\u00e1 ser\u00e1n de 08:00 horas a 12:00 y de 16:00 a 21:00 horas, de lunes a viernes.<\/p>\n<p>&nbsp;<\/p>\n<p>&#8211;\u00a0\u00a0\u00a0\u00a0\u00a0\u00a0 El \u00fanico requisito para poder inscribirse es llevar vendas y guantes.<\/p>\n<p>&nbsp;<\/p>\n<p>&#8211;\u00a0\u00a0\u00a0\u00a0\u00a0\u00a0 La intenci\u00f3n de la escuela municipal ser\u00e1 nutrir al estado de\u00a0 destacados competidores que participen en el proceso de Olimpiada Nacional.<\/p>\n<p>&nbsp;<\/p>\n<p>&nbsp;<\/p>\n<p>&nbsp;<\/p>\n","protected":false},"excerpt":{"rendered":"<p>En presencia del edil moreliano, Wilfrido L\u00e1zaro Medina y el campe\u00f3n mundial mexicano, Juan Manuel M\u00e1rquez, esta tarde fue inaugurada la Escuela Municipal de Box, ubicada en la Unidad Deportiva Bicentenario, la cual inici\u00f3 con el pie derecho pues \u201cJuanma\u201d y el promotor Fernando Beltr\u00e1n, se comprometieron a regalar dos ring profesionales. &#8220;A los j\u00f3venes [&hellip;]<\/p>\n","protected":false},"author":1,"featured_media":0,"comment_status":"open","ping_status":"open","sticky":false,"template":"","format":"standard","meta":{"footnotes":""},"categories":[9],"tags":[],"class_list":["post-1022","post","type-post","status-publish","format-standard","hentry","category-morelia"],"_links":{"self":[{"href":"https:\/\/radiowebmx.com\/nota\/wp-json\/wp\/v2\/posts\/1022","targetHints":{"allow":["GET"]}}],"collection":[{"href":"https:\/\/radiowebmx.com\/nota\/wp-json\/wp\/v2\/posts"}],"about":[{"href":"https:\/\/radiowebmx.com\/nota\/wp-json\/wp\/v2\/types\/post"}],"author":[{"embeddable":true,"href":"https:\/\/radiowebmx.com\/nota\/wp-json\/wp\/v2\/users\/1"}],"replies":[{"embeddable":true,"href":"https:\/\/radiowebmx.com\/nota\/wp-json\/wp\/v2\/comments?post=1022"}],"version-history":[{"count":1,"href":"https:\/\/radiowebmx.com\/nota\/wp-json\/wp\/v2\/posts\/1022\/revisions"}],"predecessor-version":[{"id":1023,"href":"https:\/\/radiowebmx.com\/nota\/wp-json\/wp\/v2\/posts\/1022\/revisions\/1023"}],"wp:attachment":[{"href":"https:\/\/radiowebmx.com\/nota\/wp-json\/wp\/v2\/media?parent=1022"}],"wp:term":[{"taxonomy":"category","embeddable":true,"href":"https:\/\/radiowebmx.com\/nota\/wp-json\/wp\/v2\/categories?post=1022"},{"taxonomy":"post_tag","embeddable":true,"href":"https:\/\/radiowebmx.com\/nota\/wp-json\/wp\/v2\/tags?post=1022"}],"curies":[{"name":"wp","href":"https:\/\/api.w.org\/{rel}","templated":true}]}}