{"id":10212,"date":"2014-09-23T11:55:48","date_gmt":"2014-09-23T16:55:48","guid":{"rendered":"https:\/\/radiowebmx.com\/nota\/?p=10212"},"modified":"2014-09-23T11:55:48","modified_gmt":"2014-09-23T16:55:48","slug":"el-deporte-y-la-promocion-de-la-paz-en-nuestras-colonias-es-una-prioridad-wilfrido-lazaro","status":"publish","type":"post","link":"https:\/\/radiowebmx.com\/nota\/el-deporte-y-la-promocion-de-la-paz-en-nuestras-colonias-es-una-prioridad-wilfrido-lazaro\/","title":{"rendered":"EL DEPORTE Y LA PROMOCI\u00d3N DE LA PAZ EN NUESTRAS COLONIAS ES UNA PRIORIDAD: WILFRIDO L\u00c1ZARO"},"content":{"rendered":"<p><a href=\"https:\/\/radiowebmx.com\/nota\/wp-content\/uploads\/2014\/09\/INAUGURACI\u00d3N-TORNEO-Desktop-Resolution.jpg\"><img loading=\"lazy\" decoding=\"async\" class=\"alignleft size-full wp-image-10213\" alt=\"INAUGURACI\u00d3N TORNEO [Desktop Resolution]\" src=\"https:\/\/radiowebmx.com\/nota\/wp-content\/uploads\/2014\/09\/INAUGURACI\u00d3N-TORNEO-Desktop-Resolution.jpg\" width=\"591\" height=\"194\" srcset=\"https:\/\/radiowebmx.com\/nota\/wp-content\/uploads\/2014\/09\/INAUGURACI\u00d3N-TORNEO-Desktop-Resolution.jpg 591w, https:\/\/radiowebmx.com\/nota\/wp-content\/uploads\/2014\/09\/INAUGURACI\u00d3N-TORNEO-Desktop-Resolution-300x98.jpg 300w\" sizes=\"auto, (max-width: 591px) 100vw, 591px\" \/><\/a>La promoci\u00f3n al deporte y a una cultura de paz en las colonias morelianas, est\u00e1 llevando a la convivencia y la cohesi\u00f3n social pero adem\u00e1s, a la prevenci\u00f3n de conflictos. As\u00ed lo se\u00f1al\u00f3 el Presidente Municipal Wilfrido L\u00e1zaro Medina al referirse a los eventos que este fin de semana se realizaron en las colonias Solidaridad, Independencia, Torrecillas e Ignacio L\u00f3pez Ray\u00f3n, donde se reunieron m\u00e1s de mil j\u00f3venes de 27 colonias<\/p>\n<p>L\u00e1zaro Medina consider\u00f3 que en Morelia, como en la entidad, se est\u00e1 logrando tomar un nuevo rumbo con el apoyo del gobierno de la Rep\u00fablica que encabeza el Presidente Enrique Pe\u00f1a Nieto. Al respecto, Guillermo Sandoval, titular de la Direcci\u00f3n de Prevenci\u00f3n del Delito en el municipio, instancia que encabez\u00f3 los trabajos preparatorios y dar\u00e1 el seguimiento a los mismos, explic\u00f3 que se trata de la culminaci\u00f3n de acciones que se desarrollan desde hace tres meses en los pol\u00edgonos con mayor incidencia adictiva y delictiva.<\/p>\n<p>En esta ocasi\u00f3n, dijo, se trata del Torneo Cultural y Deportivo para la Prevenci\u00f3n de la Violencia y la Delincuencia que se realiza luego de que se realizaron pl\u00e1ticas con los ni\u00f1os, j\u00f3venes y padres de familia que habitan en estas colonias; \u201ces un avance importante y no aflojaremos el paso\u201d.<\/p>\n<p>Participaron en el arranque de los torneos, los directores del Instituto de la Mujer, Rosario Jim\u00e9nez Zavala, y del Instituto de la Juventud Moreliana, Pablo Cesar S\u00e1nchez Silva; as\u00ed como la Coordinadora del Programa Ciudad Educadora, Erika Guerrero Pardo y autoridades auxiliares de las colonias Solidaridad, Lago 1, Josefa Ocampo de Mata, M\u00e1rtires de Uruapan, y Francisco J. M\u00fajica.<\/p>\n<p>Por su parte, el Secretario T\u00e9cnico de la Secretar\u00eda del gobierno municipal, Jorge Bejar, se\u00f1al\u00f3 que con acciones concretas Federaci\u00f3n, Estado y municipio, establecieron que \u201ces hora de decir NO a la violencia y la delincuencia\u2026\u201d. Adem\u00e1s, afirm\u00f3 que \u201cla administraci\u00f3n del Presidente Wilfrido L\u00e1zaro le apost\u00f3 a la prevenci\u00f3n a trav\u00e9s del deporte y la cultura y lo estamos logrando\u201d y al referirse a los j\u00f3venes deportistas, les convoc\u00f3 a ser ejemplo de otros m\u00e1s que a\u00fan no se suman, a quienes tambi\u00e9n envi\u00f3 un mensaje: \u201c\u00a1estamos con ustedes!\u201d.<\/p>\n<p>Yakel\u00edn Villase\u00f1or, presidenta del Instituto Multidisciplinario de Capacitaci\u00f3n Jur\u00eddica, Policial, Prevenci\u00f3n Social y Desarrollo Humano (IMUCAP), confirm\u00f3 que desde hace tres meses se ha trabajado con m\u00e1s de mil j\u00f3venes de 27 colonias.<\/p>\n<p>Detall\u00f3 que en un primer paso se realizaron recorridos exploratorios para despu\u00e9s efectuar reuniones con padres de familia para poder platicar con sus hijos y trabajar con ellos temas de autoestima, deporte, valores, convivencia pac\u00edfica y mediaci\u00f3n. En una encuesta realizada entre los j\u00f3venes, el 95 por ciento decidieron que se realizara este torneo, raz\u00f3n por la cual se tom\u00f3 la decisi\u00f3n de implementarlo.<\/p>\n<p>\u201cLuego de la culminaci\u00f3n de esta actividad, nuevamente ser\u00e1n ellos quienes determinen por donde continuaremos juntos y al parecer ser\u00e1 por acciones culturales\u201d, adelant\u00f3 la funcionaria.<\/p>\n","protected":false},"excerpt":{"rendered":"<p>La promoci\u00f3n al deporte y a una cultura de paz en las colonias morelianas, est\u00e1 llevando a la convivencia y la cohesi\u00f3n social pero adem\u00e1s, a la prevenci\u00f3n de conflictos. As\u00ed lo se\u00f1al\u00f3 el Presidente Municipal Wilfrido L\u00e1zaro Medina al referirse a los eventos que este fin de semana <\/p>\n","protected":false},"author":1,"featured_media":10213,"comment_status":"open","ping_status":"open","sticky":false,"template":"","format":"standard","meta":{"footnotes":""},"categories":[14,9],"tags":[],"class_list":["post-10212","post","type-post","status-publish","format-standard","has-post-thumbnail","hentry","category-destacadas","category-morelia"],"_links":{"self":[{"href":"https:\/\/radiowebmx.com\/nota\/wp-json\/wp\/v2\/posts\/10212","targetHints":{"allow":["GET"]}}],"collection":[{"href":"https:\/\/radiowebmx.com\/nota\/wp-json\/wp\/v2\/posts"}],"about":[{"href":"https:\/\/radiowebmx.com\/nota\/wp-json\/wp\/v2\/types\/post"}],"author":[{"embeddable":true,"href":"https:\/\/radiowebmx.com\/nota\/wp-json\/wp\/v2\/users\/1"}],"replies":[{"embeddable":true,"href":"https:\/\/radiowebmx.com\/nota\/wp-json\/wp\/v2\/comments?post=10212"}],"version-history":[{"count":1,"href":"https:\/\/radiowebmx.com\/nota\/wp-json\/wp\/v2\/posts\/10212\/revisions"}],"predecessor-version":[{"id":10214,"href":"https:\/\/radiowebmx.com\/nota\/wp-json\/wp\/v2\/posts\/10212\/revisions\/10214"}],"wp:featuredmedia":[{"embeddable":true,"href":"https:\/\/radiowebmx.com\/nota\/wp-json\/wp\/v2\/media\/10213"}],"wp:attachment":[{"href":"https:\/\/radiowebmx.com\/nota\/wp-json\/wp\/v2\/media?parent=10212"}],"wp:term":[{"taxonomy":"category","embeddable":true,"href":"https:\/\/radiowebmx.com\/nota\/wp-json\/wp\/v2\/categories?post=10212"},{"taxonomy":"post_tag","embeddable":true,"href":"https:\/\/radiowebmx.com\/nota\/wp-json\/wp\/v2\/tags?post=10212"}],"curies":[{"name":"wp","href":"https:\/\/api.w.org\/{rel}","templated":true}]}}