{"id":10197,"date":"2014-09-22T12:34:20","date_gmt":"2014-09-22T17:34:20","guid":{"rendered":"https:\/\/radiowebmx.com\/nota\/?p=10197"},"modified":"2014-09-22T12:34:20","modified_gmt":"2014-09-22T17:34:20","slug":"emite-gobernador-al-congreso-observaciones-sobre-charreria-y-fiesta-de-toros-como-patrimonio-cultural-inmaterial","status":"publish","type":"post","link":"https:\/\/radiowebmx.com\/nota\/emite-gobernador-al-congreso-observaciones-sobre-charreria-y-fiesta-de-toros-como-patrimonio-cultural-inmaterial\/","title":{"rendered":"EMITE GOBERNADOR AL CONGRESO OBSERVACIONES SOBRE CHARRER\u00cdA Y FIESTA DE TOROS COMO PATRIMONIO CULTURAL INMATERIAL"},"content":{"rendered":"<p>Conforme las atribuciones que le confiere la Constituci\u00f3n y sin que se trate de un veto, el gobernador del estado, Salvador Jara Guerrero, regres\u00f3 al Poder Legislativo de Michoac\u00e1n, la Minuta 335 que contiene el Decreto mediante el cual se instituye a la Charrer\u00eda y Fiesta de Toros como Patrimonio Cultural Inmaterial del Estado, luego de realizar diversas observaciones al documento, para ponerlas a consideraci\u00f3n de la LXXII Legislatura, antes de que sea publicado en el Peri\u00f3dico Oficial del Estado.<\/p>\n<p>En el documento que se hizo llegar a la Mesa Directiva del Congreso local, el jefe del Ejecutivo se\u00f1ala que, en primera instancia, conforme al marco legal vigente, no existe atribuci\u00f3n alguna del Poder Legislativo para emitir ese tipo de declaratorias, toda vez que los antecedentes muestran que esos t\u00edtulos los emite la Organizaci\u00f3n de las Naciones Unidas para la Educaci\u00f3n, la Ciencia y la Cultura (UNESCO), y es dicho organismo quien establece los mecanismos que deben seguirse para conferir tales nombramientos.<\/p>\n<p>Adem\u00e1s, seg\u00fan los propios criterios de la UNESCO, para lograr las denominaciones como Patrimonio, debe lograrse la participaci\u00f3n, consentimiento y aprobaci\u00f3n de la mayor parte de la sociedad, situaci\u00f3n que no sucedi\u00f3 con la emisi\u00f3n del Decreto 335.<\/p>\n<p>Se explica adem\u00e1s que son dos expresiones muy diferentes la Charrer\u00eda y la Fiesta de Toros y no son representativas del estado de Michoac\u00e1n, mientras que en otras entidades donde dichas pr\u00e1cticas est\u00e1n m\u00e1s arraigadas, no existe registro que se haya legislado en la materia.<\/p>\n<p>El gobernador observ\u00f3 que el Decreto en cuesti\u00f3n contraviene la iniciativa presentada por el presidente Enrique Pe\u00f1a Nieto, respecto de la Ley General para la Protecci\u00f3n de Ni\u00f1as, Ni\u00f1os y Adolescentes, que al implicar diversas reformas, enfatiza la importancia de que las autoridades clasifiquen los espect\u00e1culos p\u00fablicos que puedan promover en los infantes la violencia, como lo es la fiesta taurina.<\/p>\n<p>El documento emitido por el Congreso, instruye a la Secretar\u00eda de Cultura del Estado, garantizar la viabilidad del Patrimonio Cultural Inmaterial de la Charrer\u00eda y Fiesta de Toros, cuando \u201cno es sano que el Poder Legislativo asigne acciones directas a las dependencias de la administraci\u00f3n p\u00fablica estatal\u201d, y el Poder Ejecutivo debi\u00f3 ser exhortado para ese efecto, que adem\u00e1s, corresponder\u00eda a la Secretar\u00eda de Turismo.<\/p>\n<p>Por dichas consideraciones, el mandatario estatal expresa que no es viable la promulgaci\u00f3n del Decreto 335 en los t\u00e9rminos aprobados y pone las observaciones a consideraci\u00f3n del Poder Legislativo local.<\/p>\n","protected":false},"excerpt":{"rendered":"<p>Conforme las atribuciones que le confiere la Constituci\u00f3n y sin que se trate de un veto, el gobernador del estado, Salvador Jara Guerrero, regres\u00f3 al Poder Legislativo de Michoac\u00e1n, <\/p>\n","protected":false},"author":1,"featured_media":0,"comment_status":"open","ping_status":"open","sticky":false,"template":"","format":"standard","meta":{"footnotes":""},"categories":[3],"tags":[],"class_list":["post-10197","post","type-post","status-publish","format-standard","hentry","category-gobierno-del-estado-de-michoacan"],"_links":{"self":[{"href":"https:\/\/radiowebmx.com\/nota\/wp-json\/wp\/v2\/posts\/10197","targetHints":{"allow":["GET"]}}],"collection":[{"href":"https:\/\/radiowebmx.com\/nota\/wp-json\/wp\/v2\/posts"}],"about":[{"href":"https:\/\/radiowebmx.com\/nota\/wp-json\/wp\/v2\/types\/post"}],"author":[{"embeddable":true,"href":"https:\/\/radiowebmx.com\/nota\/wp-json\/wp\/v2\/users\/1"}],"replies":[{"embeddable":true,"href":"https:\/\/radiowebmx.com\/nota\/wp-json\/wp\/v2\/comments?post=10197"}],"version-history":[{"count":2,"href":"https:\/\/radiowebmx.com\/nota\/wp-json\/wp\/v2\/posts\/10197\/revisions"}],"predecessor-version":[{"id":10199,"href":"https:\/\/radiowebmx.com\/nota\/wp-json\/wp\/v2\/posts\/10197\/revisions\/10199"}],"wp:attachment":[{"href":"https:\/\/radiowebmx.com\/nota\/wp-json\/wp\/v2\/media?parent=10197"}],"wp:term":[{"taxonomy":"category","embeddable":true,"href":"https:\/\/radiowebmx.com\/nota\/wp-json\/wp\/v2\/categories?post=10197"},{"taxonomy":"post_tag","embeddable":true,"href":"https:\/\/radiowebmx.com\/nota\/wp-json\/wp\/v2\/tags?post=10197"}],"curies":[{"name":"wp","href":"https:\/\/api.w.org\/{rel}","templated":true}]}}