{"id":10185,"date":"2014-09-22T12:08:38","date_gmt":"2014-09-22T17:08:38","guid":{"rendered":"https:\/\/radiowebmx.com\/nota\/?p=10185"},"modified":"2014-09-22T12:08:38","modified_gmt":"2014-09-22T17:08:38","slug":"cobaem-plantel-morelia-reconoce-a-alumnos-destacados","status":"publish","type":"post","link":"https:\/\/radiowebmx.com\/nota\/cobaem-plantel-morelia-reconoce-a-alumnos-destacados\/","title":{"rendered":"COBAEM PLANTEL MORELIA RECONOCE A ALUMNOS DESTACADOS"},"content":{"rendered":"<p><a href=\"https:\/\/radiowebmx.com\/nota\/wp-content\/uploads\/2014\/09\/COBAEM-31.jpg\"><img loading=\"lazy\" decoding=\"async\" class=\"alignleft size-full wp-image-10187\" alt=\"COBAEM (3)\" src=\"https:\/\/radiowebmx.com\/nota\/wp-content\/uploads\/2014\/09\/COBAEM-31.jpg\" width=\"591\" height=\"236\" srcset=\"https:\/\/radiowebmx.com\/nota\/wp-content\/uploads\/2014\/09\/COBAEM-31.jpg 591w, https:\/\/radiowebmx.com\/nota\/wp-content\/uploads\/2014\/09\/COBAEM-31-300x119.jpg 300w\" sizes=\"auto, (max-width: 591px) 100vw, 591px\" \/><\/a>La Direcci\u00f3n General y la Direcci\u00f3n Acad\u00e9mica del Colegio de Bachilleres del Estado de Michoac\u00e1n (Cobaem), reconocieron a los alumnos m\u00e1s destacados del Plantel Morelia en ceremonia c\u00edvica.<\/p>\n<p>En primer lugar al joven Luis Fernando Cabrera Pe\u00f1aloza, por haber obtenido el Premio Estatal al M\u00e9rito Juvenil 2014 en la categor\u00eda de Discapacidad e Integraci\u00f3n, el pasado 13 de septiembre.<\/p>\n<p>En representaci\u00f3n del director general, Antonio Zaragoza Michel, el director Acad\u00e9mico del Cobaem, Roberto Ambris Mendoza, fue el encargado de entregar tan merecido reconocimiento.<\/p>\n<p>\u201cEl ambiente de aprendizaje que hacen en el plantel es fundamental para el \u00e9xito; felicito a los docentes por el trabajo que han realizado con Luis Fernando y quiero que sea un impulso, un ejemplo a seguir para todos los alumnos, no s\u00f3lo de este plantel sino de todos los del Cobaem, dijo.<\/p>\n<p>Guadalupe Figueroa Mancilla, directora del Plantel Morelia, agradeci\u00f3 la asistencia de los galardonados y dijo que el motivo principal es celebrar junto con Luis Fernando el merecido reconocimiento recibi\u00f3 en Casa de Gobierno.<\/p>\n<p>\u201cDe ante mano sabemos el esfuerzo y empe\u00f1o que ha puesto en sus clases para salir adelante y en tres semestres m\u00e1s esperamos concluya su nivel bachillerato\u201d, extern\u00f3.<\/p>\n<p>Por su parte, Glenda Michel Cuevas, psic\u00f3loga del DIF Municipal manifest\u00f3: \u201ctuve el honor de ser jurado para evaluar los trabajos de los participantes y fui testigo del momento en que Luis Fernando recibi\u00f3 su premio; les comparto que es un ejemplo de vida y debemos valorar el esfuerzo que pone para seguir adelante\u201d.<\/p>\n<p>Tambi\u00e9n se entregaron reconocimientos a otros destacados alumnos y a los maestros que los prepararon para obtener tan buenos resultados: Griselda Esmeralda Razo D\u00edaz, quien obtuvo tercer lugar en la Vig\u00e9sima Cuarta Olimpiada de Biolog\u00eda y a su asesor, V\u00edctor Hugo Alva Regalado.<\/p>\n<p>Por su participaci\u00f3n en la Vig\u00e9sima Cuarta Olimpiada de Biolog\u00eda a los alumnos Marlen Erandi Cabrera P\u00e9rez, Daniela Cedin Gallegos, Jaime Mangato Calvillo y Lorena Dur\u00e1n Olivo, de la Extensi\u00f3n Jes\u00fas del Monte.<\/p>\n<p>De igual forma, se otorg\u00f3 reconocimiento a los docentes: Magnolia Ruiz Vega y Jos\u00e9 Ruiz Alvarado, asesores del alumno de primer lugar sectorial en Competencias Interdisciplinarias en el campo de Matem\u00e1ticas y Ciencias Naturales; Teresa Murillo P\u00e9rez, por la asesor\u00eda brindada a las alumnas del primer lugar sectorial en Temas de Desarrollo Interdisciplinario de segundo semestre de la Extensi\u00f3n Jes\u00fas del Monte; Liliana Alva Regalado, asesora del alumno de primer lugar sectorial en Competencias Interdisciplinarias del cuarto semestre en Lenguaje y Comunicaci\u00f3n.<\/p>\n<p>Adem\u00e1s de Gustavo Cede\u00f1o Olivo, asesor de la alumna del segundo lugar en Competencias Interdisciplinarias en Ciencias Naturales y Humanidades; Raquel Quintero Pedraza por el apoyo brindado al estudiante del primer lugar sectorial en Ajedrez; Mauricio Reyes por la preparaci\u00f3n a los alumnos de escolta, mismos que obtuvieron el tercer lugar sectorial y a C\u00e9sar Meza Cort\u00e9s, por la preparaci\u00f3n de las alumnas que lograron el segundo lugar sectorial en Rondalla y tercer lugar en Canto por Grupo.<\/p>\n<p>Estuvieron presentes en esta ceremonia Georgina Canedo Mendarozqueta, subdirectora Acad\u00e9mica; Enrique Torres Ponce, coordinador Sectorial No.3, con sede en Morelia; Mar\u00eda de la Luz Melgarejo Guerrero, en representaci\u00f3n del Secretario General del SITCBEM, Gaspar Romero Campos y Susana Soto Ruiz, presidenta del Comit\u00e9 de Padres de Familia.<\/p>\n","protected":false},"excerpt":{"rendered":"<p>La Direcci\u00f3n General y la Direcci\u00f3n Acad\u00e9mica del Colegio de Bachilleres del Estado de Michoac\u00e1n (Cobaem), reconocieron a los alumnos m\u00e1s destacados del Plantel Morelia en ceremonia c\u00edvica.<\/p>\n","protected":false},"author":1,"featured_media":10186,"comment_status":"open","ping_status":"open","sticky":false,"template":"","format":"standard","meta":{"footnotes":""},"categories":[14,3],"tags":[],"class_list":["post-10185","post","type-post","status-publish","format-standard","has-post-thumbnail","hentry","category-destacadas","category-gobierno-del-estado-de-michoacan"],"_links":{"self":[{"href":"https:\/\/radiowebmx.com\/nota\/wp-json\/wp\/v2\/posts\/10185","targetHints":{"allow":["GET"]}}],"collection":[{"href":"https:\/\/radiowebmx.com\/nota\/wp-json\/wp\/v2\/posts"}],"about":[{"href":"https:\/\/radiowebmx.com\/nota\/wp-json\/wp\/v2\/types\/post"}],"author":[{"embeddable":true,"href":"https:\/\/radiowebmx.com\/nota\/wp-json\/wp\/v2\/users\/1"}],"replies":[{"embeddable":true,"href":"https:\/\/radiowebmx.com\/nota\/wp-json\/wp\/v2\/comments?post=10185"}],"version-history":[{"count":1,"href":"https:\/\/radiowebmx.com\/nota\/wp-json\/wp\/v2\/posts\/10185\/revisions"}],"predecessor-version":[{"id":10188,"href":"https:\/\/radiowebmx.com\/nota\/wp-json\/wp\/v2\/posts\/10185\/revisions\/10188"}],"wp:featuredmedia":[{"embeddable":true,"href":"https:\/\/radiowebmx.com\/nota\/wp-json\/wp\/v2\/media\/10186"}],"wp:attachment":[{"href":"https:\/\/radiowebmx.com\/nota\/wp-json\/wp\/v2\/media?parent=10185"}],"wp:term":[{"taxonomy":"category","embeddable":true,"href":"https:\/\/radiowebmx.com\/nota\/wp-json\/wp\/v2\/categories?post=10185"},{"taxonomy":"post_tag","embeddable":true,"href":"https:\/\/radiowebmx.com\/nota\/wp-json\/wp\/v2\/tags?post=10185"}],"curies":[{"name":"wp","href":"https:\/\/api.w.org\/{rel}","templated":true}]}}