{"id":10164,"date":"2014-09-22T11:29:32","date_gmt":"2014-09-22T16:29:32","guid":{"rendered":"https:\/\/radiowebmx.com\/nota\/?p=10164"},"modified":"2014-09-22T11:29:32","modified_gmt":"2014-09-22T16:29:32","slug":"morelia-lista-para-la-gran-fiesta-del-30-se-septiembre","status":"publish","type":"post","link":"https:\/\/radiowebmx.com\/nota\/morelia-lista-para-la-gran-fiesta-del-30-se-septiembre\/","title":{"rendered":"MORELIA, LISTA PARA LA GRAN FIESTA DEL 30 SE SEPTIEMBRE"},"content":{"rendered":"<p><a href=\"https:\/\/radiowebmx.com\/nota\/wp-content\/uploads\/2014\/09\/Desfile-30-Septiembre-2013.jpg\"><img loading=\"lazy\" decoding=\"async\" class=\"alignleft size-full wp-image-10165\" alt=\"Desfile 30 Septiembre 2013\" src=\"https:\/\/radiowebmx.com\/nota\/wp-content\/uploads\/2014\/09\/Desfile-30-Septiembre-2013.jpg\" width=\"591\" height=\"251\" srcset=\"https:\/\/radiowebmx.com\/nota\/wp-content\/uploads\/2014\/09\/Desfile-30-Septiembre-2013.jpg 591w, https:\/\/radiowebmx.com\/nota\/wp-content\/uploads\/2014\/09\/Desfile-30-Septiembre-2013-300x127.jpg 300w\" sizes=\"auto, (max-width: 591px) 100vw, 591px\" \/><\/a>A muy pocos d\u00edas de celebrar el 243 Aniversario del natalicio de don Jos\u00e9 Mar\u00eda Morelos y Pav\u00f3n, el presidente Wilfrido L\u00e1zaro Medina invit\u00f3 a la poblaci\u00f3n moreliana a celebrar la fiesta m\u00e1s grande de la ciudad patrimonio de la humanidad, refrendando el\u00a0 orgullo de pertenecer a esta tierra, cuna de\u00a0 grandes hombres y mujeres que forjaron lo que ahora identificamos como patria.<\/p>\n<p>El edil moreliano reiter\u00f3 que los integrantes del Ayuntamiento a su cargo, trabajan en las diversas \u00e1reas para garantizar que los ciudadanos vivan esta fiesta moreliana con seguridad y diversi\u00f3n.<\/p>\n<p>L\u00e1zaro Medina invit\u00f3 a los morelianos a disfrutar de las actividades que se han preparado para celebrar esta importante fecha y que cerrar\u00e1 con broche de oro con la presentaci\u00f3n del cantautor mexicano Armando Manzanero, qui\u00e9n ofrecer\u00e1 un espect\u00e1culo de primer nivel que las familias morelianas podr\u00e1n disfrutar.<\/p>\n<p>Los eventos c\u00edvicos del pr\u00f3ximo martes 30 de septiembre arrancar\u00e1n a las 08:00 horas con el izamiento de las Banderas Nacional, de Michoac\u00e1n y de Morelia en la Plaza Jard\u00edn Morelos. Posteriormente a las 08:30 horas, se realizar\u00e1 el recorrido en Bando Solemne a la casa Museo del\u00a0\u00a0General\u00edsimo Don Jos\u00e9 Mar\u00eda Morelos y Pav\u00f3n, partiendo del\u00a0\u00a0Palacio Municipal de Morelia, ubicado en la calle allende.<\/p>\n<p>El gobierno municipal de Morelia invita a la ciudadan\u00eda a que asista a las 10:00 horas a la Ceremonia C\u00edvica Conmemorativa del 244 Aniversario del\u00a0 Natalicio de Don Jos\u00e9 Mar\u00eda Morelos y Pav\u00f3n en la Plaza Jard\u00edn Morelia, evento al que asistir\u00e1n los representantes de los tres poderes de gobierno, sector educativo e iniciativa privada y que se realizar\u00e1 en la Plaza Jard\u00edn Morelos.<\/p>\n<p>Para el disfrute de las familias morelianas y los turistas que estar\u00e1n de visita en la ciudad, a las 11:00 horas arrancar\u00e1 el\u00a0tradicional Desfile C\u00edvico Militar que partir\u00e1 de las Tarascas y recorrer\u00e1 la Avenida Madero hasta el Monumento al General L\u00e1zaro C\u00e1rdenas.<\/p>\n<p>Por su parte, el secretario de Turismo y Cultura de Morelia, Enrique Rivera Ru\u00edz, resalt\u00f3 que aunque esta celebraci\u00f3n se realiza s\u00f3lo en Morelia, se espera la presencia de visitantes que podr\u00e1n disfrutar tambi\u00e9n de las actividades que se realizar\u00e1n en el marco de los festejos patrios como el tradicional Festival del Mariachi.<\/p>\n","protected":false},"excerpt":{"rendered":"<p>A muy pocos d\u00edas de celebrar el 243 Aniversario del natalicio de don Jos\u00e9 Mar\u00eda Morelos y Pav\u00f3n, el presidente Wilfrido L\u00e1zaro Medina invit\u00f3 a la poblaci\u00f3n moreliana a celebrar la fiesta m\u00e1s grande de la ciudad patrimonio de la humanidad, refrendando el  orgullo de pertenecer a esta tierra, <\/p>\n","protected":false},"author":1,"featured_media":10165,"comment_status":"open","ping_status":"open","sticky":false,"template":"","format":"standard","meta":{"footnotes":""},"categories":[1],"tags":[],"class_list":["post-10164","post","type-post","status-publish","format-standard","has-post-thumbnail","hentry","category-sin-categoria"],"_links":{"self":[{"href":"https:\/\/radiowebmx.com\/nota\/wp-json\/wp\/v2\/posts\/10164","targetHints":{"allow":["GET"]}}],"collection":[{"href":"https:\/\/radiowebmx.com\/nota\/wp-json\/wp\/v2\/posts"}],"about":[{"href":"https:\/\/radiowebmx.com\/nota\/wp-json\/wp\/v2\/types\/post"}],"author":[{"embeddable":true,"href":"https:\/\/radiowebmx.com\/nota\/wp-json\/wp\/v2\/users\/1"}],"replies":[{"embeddable":true,"href":"https:\/\/radiowebmx.com\/nota\/wp-json\/wp\/v2\/comments?post=10164"}],"version-history":[{"count":2,"href":"https:\/\/radiowebmx.com\/nota\/wp-json\/wp\/v2\/posts\/10164\/revisions"}],"predecessor-version":[{"id":10167,"href":"https:\/\/radiowebmx.com\/nota\/wp-json\/wp\/v2\/posts\/10164\/revisions\/10167"}],"wp:featuredmedia":[{"embeddable":true,"href":"https:\/\/radiowebmx.com\/nota\/wp-json\/wp\/v2\/media\/10165"}],"wp:attachment":[{"href":"https:\/\/radiowebmx.com\/nota\/wp-json\/wp\/v2\/media?parent=10164"}],"wp:term":[{"taxonomy":"category","embeddable":true,"href":"https:\/\/radiowebmx.com\/nota\/wp-json\/wp\/v2\/categories?post=10164"},{"taxonomy":"post_tag","embeddable":true,"href":"https:\/\/radiowebmx.com\/nota\/wp-json\/wp\/v2\/tags?post=10164"}],"curies":[{"name":"wp","href":"https:\/\/api.w.org\/{rel}","templated":true}]}}