{"id":1006,"date":"2013-01-25T11:40:21","date_gmt":"2013-01-25T17:40:21","guid":{"rendered":"https:\/\/radiowebmx.com\/nota\/?p=1006"},"modified":"2013-01-25T11:40:21","modified_gmt":"2013-01-25T17:40:21","slug":"una-de-vaqueros-8","status":"publish","type":"post","link":"https:\/\/radiowebmx.com\/nota\/una-de-vaqueros-8\/","title":{"rendered":"Una de Vaqueros. . ."},"content":{"rendered":"<p>Persisten los entes malvados en desestabilizar la vida pol\u00edtica y social de nuestro amado Michoac\u00e1n, este clima de incertidumbre no conviene, al parecer, a nadie, sin embargo hay qui\u00e9n insiste en detonar conflictos y minar las v\u00edas de soluci\u00f3n de algunos otros agendados ya y en v\u00edspera de solucionarse.<\/p>\n<p>Antonio Ferreyra Pi\u00f1\u00f3n, dirigente del sindicato estatal de bur\u00f3cratas fue enf\u00e1tico y contundente cuando la administraci\u00f3n perredista de Godoy Rangel abri\u00f3 un boquete financiero en la direcci\u00f3n de Pensiones, cual tendero gallego llev\u00f3 la cuenta con pesos y centavos haciendo las delicias de propios y extra\u00f1os.<\/p>\n<p>Sabiendo que no le pagaron completo y que le actual administraci\u00f3n heredaba deuda, dej\u00f3 de jeringar un rato, mientras que acord\u00f3 recibir abonos chiquitos, como en tienda de conveniencia y no hacer olas, pero, la cosa cambi\u00f3 y ahora sale a los medios a desmentir al director de Pensiones.<\/p>\n<p>Tal vez sea una cortina de humo, pues los cambios que pudieran darse de manera serena y pac\u00edfica los quieren convertir en un rescate harto dram\u00e1tico, y tal vez sea necesario, pues el grupo que est\u00e1 a punto de hacerse del poder no lleva buenas relaciones con la estructura del gobierno federal y as\u00ed justifican su arribo y desempe\u00f1o.<\/p>\n<p>Porque el tema de deuda en municipios y estados est\u00e1 en la agenda nacional, toda vez que el secretario de Hacienda, Luis Videgaray declar\u00f3 que no ser\u00e1 rescatada ninguna entidad ni municipio; claro, hay f\u00f3rmulas y modo de hacerlo y Videgaray ha recibo reconocimientos internacionales por ello.<\/p>\n<p>La cosa es que no se puede estar metiendo carretones de dinero a pozos sin fondo, pues aunque Hacienda regule, son los congresos locales los que validan cuentas p\u00fablicas y dejan inmaculados expedientes, cuando no se los roban, claro est\u00e1.<\/p>\n<p>As\u00ed que el rescate ser\u00e1 tema y arista, pues una disciplina espartana regir\u00e1 a quien espere recibir recursos de la Federaci\u00f3n para salir de sus compromisos, de lo contrario, comenzar\u00e1n las quiebras t\u00e9cnicas y el remate de bienes a lo largo y ancho del pa\u00eds.<\/p>\n<p>No cuadra el discurso con la realidad, nuestro pa\u00eds no produce siquiera el ma\u00edz que se muele para las tortillas que nos llevamos a la boca diario, los frijoles tampoco, y nos embarcan en una cruzada nacional contra el hambre, lo cual se antoja fuera de raz\u00f3n.<\/p>\n<p>El tema sobre la auto suficiencia alimentaria deber\u00eda de ser declarado de SEGURIDAD NACIONAL, pues cada vez m\u00e1s se compran en el extranjero leche, cereales y granos de consumo para los mexicanos, y si a los que van a rescatar del flagelo del hambre les van a dar cupones canjeables en Burger King, pues ni hablar.<\/p>\n<p>Es incre\u00edble la ignorancia que campea en p\u00fablico radiof\u00f3nico y audiencia televisiva, igual en las redes sociales, sobre todo en secuelas de los diarios que dieron cuenta del excarcelamiento de Florence Cassez, m\u00e1s los canarios de televisa han creado un clima de linchamiento hacia la Suprema Corte de Justicia de la Naci\u00f3n.<\/p>\n<p>No se ocupa ser abogado, simplemente usando el sentido com\u00fan uno se entera de que la francesita no fue declarada inocente de los delitos que se le imputan, nada de eso, lo que se descarto fue la sistem\u00e1tica violaci\u00f3n procesal a toda norma jur\u00eddica nacional e internacional.<\/p>\n<p>Es hora en que nadie cuestiona de ra\u00edz el montaje televisivo para que Televisa se luciera con la supuesta transmisi\u00f3n \u201cen vivo\u201d de los secuestrados, que le pregunten al reportero Pablo Rein\u00e1; luego la cuesti\u00f3n consular y la falta de abogado durante la declaraci\u00f3n.<\/p>\n<p>La Corte hizo su trabajo, y, en efecto, jueces y magistrados estar\u00e1n siendo observados, pues nos queda claro que esos vicios que dejaron libre a la Cassez privan en la impartici\u00f3n de justicia, y de igual manera, fiscales y agentes investigadores deber\u00e1n ser pulcros en la integraci\u00f3n y posteriores consignaciones.<\/p>\n<p>En la aplicaci\u00f3n de la ley no se puede ser magn\u00e1nimo ni omiso, pues se incurre en una falta, por eso es grave que salga la coordinadora de los perredistas en el Congreso local a decirnos que no le retirar\u00e1n a los dos diputados escindidos sus respectivas comisiones.<\/p>\n<p>Por si do\u00f1a Silvia no se ha enterado, la ley no se puede flexibilizar ni para hacer excepciones, as\u00ed como tampoco se puede violar la misma argumentando que es \u201cpara que el asunto no llegue a la Suprema Corte de Justicia\u201d; solamente un ignorante podr\u00eda atemorizarse con los amagos de que les pondr\u00e1n un juicio de garant\u00edas.<\/p>\n<p>Al contrario, que lo hagan, para que de una vez por todas queda el precedente; como si la Corte fuera oficial\u00eda de partes de facinerosos\u2026<\/p>\n","protected":false},"excerpt":{"rendered":"<p>Persisten los entes malvados en desestabilizar la vida pol\u00edtica y social de nuestro amado Michoac\u00e1n, este clima de incertidumbre no conviene, al parecer, a nadie, sin embargo hay qui\u00e9n insiste en detonar conflictos y minar las v\u00edas de soluci\u00f3n de algunos otros agendados ya y en v\u00edspera de solucionarse.<\/p>\n","protected":false},"author":1,"featured_media":0,"comment_status":"open","ping_status":"open","sticky":false,"template":"","format":"standard","meta":{"footnotes":""},"categories":[4,5],"tags":[],"class_list":["post-1006","post","type-post","status-publish","format-standard","hentry","category-columnistas","category-arturo-garcia"],"_links":{"self":[{"href":"https:\/\/radiowebmx.com\/nota\/wp-json\/wp\/v2\/posts\/1006","targetHints":{"allow":["GET"]}}],"collection":[{"href":"https:\/\/radiowebmx.com\/nota\/wp-json\/wp\/v2\/posts"}],"about":[{"href":"https:\/\/radiowebmx.com\/nota\/wp-json\/wp\/v2\/types\/post"}],"author":[{"embeddable":true,"href":"https:\/\/radiowebmx.com\/nota\/wp-json\/wp\/v2\/users\/1"}],"replies":[{"embeddable":true,"href":"https:\/\/radiowebmx.com\/nota\/wp-json\/wp\/v2\/comments?post=1006"}],"version-history":[{"count":2,"href":"https:\/\/radiowebmx.com\/nota\/wp-json\/wp\/v2\/posts\/1006\/revisions"}],"predecessor-version":[{"id":1008,"href":"https:\/\/radiowebmx.com\/nota\/wp-json\/wp\/v2\/posts\/1006\/revisions\/1008"}],"wp:attachment":[{"href":"https:\/\/radiowebmx.com\/nota\/wp-json\/wp\/v2\/media?parent=1006"}],"wp:term":[{"taxonomy":"category","embeddable":true,"href":"https:\/\/radiowebmx.com\/nota\/wp-json\/wp\/v2\/categories?post=1006"},{"taxonomy":"post_tag","embeddable":true,"href":"https:\/\/radiowebmx.com\/nota\/wp-json\/wp\/v2\/tags?post=1006"}],"curies":[{"name":"wp","href":"https:\/\/api.w.org\/{rel}","templated":true}]}}